{"id":2945,"date":"2019-01-10T07:40:03","date_gmt":"2019-01-10T07:40:03","guid":{"rendered":"http:\/\/www.infoline.ci\/?p=2945"},"modified":"2019-01-10T07:42:44","modified_gmt":"2019-01-10T07:42:44","slug":"cour-penale-internationale-crime-contre-lhumanite-lex-president-ivoirien-laurent-gbagbo-et-charles-ble-goude-situes-sur-leur-sort-mi-janvier-2019","status":"publish","type":"post","link":"https:\/\/www.infoline.ci\/?p=2945","title":{"rendered":"Cour p\u00e9nale Internationale (crime contre l\u2019humanit\u00e9)  :  l\u2019ex-pr\u00e9sident Ivoirien Laurent Gbagbo et Charles Bl\u00e9 Goud\u00e9 situ\u00e9s sur leur sort mi-janvier 2019"},"content":{"rendered":"<p>Selon un communiqu\u00e9 \u00e9manant de la Cour P\u00e9nale Internationale dont infoline.ci a eu copie le 10 janvier 2019 stipule que le 15 janvier prochain la juridiction internationale se prononcera lors d\u2019une audience publique sur les demandes de mises en libert\u00e9 provisoire et les demandes d\u2019acquittement de ces deux coaccus\u00e9s l\u2019ex-pr\u00e9sident ivoirien Laurent Gbagbo et l\u2019ex-ministre de la jeunesse Charles Bl\u00e9 Goud\u00e9<br \/>\nEn effet, les panafricanistes et les nombreux de la mouvance pr\u00e9sidentielle de l\u2019ex-pr\u00e9sident Ivoirien Laurent Gbagbo et l\u2019ex-ministre de la jeunesse Charles Bl\u00e9 Goud\u00e9 et par ailleurs responsable de la jeunesse patriotique jug\u00e9 pour crime contre l\u2019humanit\u00e9 \u00e0 la Cour P\u00e9nale Internationale pourraient \u00eatre situ\u00e9 sur leur sort.<br \/>\nAnge Ok\u00e9<\/p>\n","protected":false},"excerpt":{"rendered":"<p>Selon un communiqu\u00e9 \u00e9manant de la Cour P\u00e9nale Internationale dont infoline.ci a eu copie le 10 janvier 2019 stipule que le 15 janvier prochain la juridiction internationale se prononcera lors d\u2019une audience publique sur les demandes de mises en libert\u00e9 provisoire et les demandes d\u2019acquittement de ces deux coaccus\u00e9s l\u2019ex-pr\u00e9sident ivoirien Laurent Gbagbo et l\u2019ex-ministre [&hellip;]<\/p>\n","protected":false},"author":2,"featured_media":2946,"comment_status":"closed","ping_status":"closed","sticky":false,"template":"","format":"standard","meta":{"footnotes":""},"categories":[23],"tags":[],"class_list":["post-2945","post","type-post","status-publish","format-standard","has-post-thumbnail","hentry","category-politique"],"_links":{"self":[{"href":"https:\/\/www.infoline.ci\/index.php?rest_route=\/wp\/v2\/posts\/2945","targetHints":{"allow":["GET"]}}],"collection":[{"href":"https:\/\/www.infoline.ci\/index.php?rest_route=\/wp\/v2\/posts"}],"about":[{"href":"https:\/\/www.infoline.ci\/index.php?rest_route=\/wp\/v2\/types\/post"}],"author":[{"embeddable":true,"href":"https:\/\/www.infoline.ci\/index.php?rest_route=\/wp\/v2\/users\/2"}],"replies":[{"embeddable":true,"href":"https:\/\/www.infoline.ci\/index.php?rest_route=%2Fwp%2Fv2%2Fcomments&post=2945"}],"version-history":[{"count":1,"href":"https:\/\/www.infoline.ci\/index.php?rest_route=\/wp\/v2\/posts\/2945\/revisions"}],"predecessor-version":[{"id":2947,"href":"https:\/\/www.infoline.ci\/index.php?rest_route=\/wp\/v2\/posts\/2945\/revisions\/2947"}],"wp:featuredmedia":[{"embeddable":true,"href":"https:\/\/www.infoline.ci\/index.php?rest_route=\/wp\/v2\/media\/2946"}],"wp:attachment":[{"href":"https:\/\/www.infoline.ci\/index.php?rest_route=%2Fwp%2Fv2%2Fmedia&parent=2945"}],"wp:term":[{"taxonomy":"category","embeddable":true,"href":"https:\/\/www.infoline.ci\/index.php?rest_route=%2Fwp%2Fv2%2Fcategories&post=2945"},{"taxonomy":"post_tag","embeddable":true,"href":"https:\/\/www.infoline.ci\/index.php?rest_route=%2Fwp%2Fv2%2Ftags&post=2945"}],"curies":[{"name":"wp","href":"https:\/\/api.w.org\/{rel}","templated":true}]}}