{"id":2686,"date":"2018-11-30T11:07:56","date_gmt":"2018-11-30T11:07:56","guid":{"rendered":"http:\/\/www.infoline.ci\/?p=2686"},"modified":"2018-11-30T11:07:56","modified_gmt":"2018-11-30T11:07:56","slug":"2e-edition-du-festival-africain-des-arts-martiaux-fadam-2019-jean-claude-van-damme-et-jackie-chan-a-abidjan","status":"publish","type":"post","link":"https:\/\/www.infoline.ci\/?p=2686","title":{"rendered":"2e \u00e9dition du  Festival Africain des Arts Martiaux (FADAM 2019)  Jean Claude Van Damme et  Jackie Chan \u00e0 Abidjan"},"content":{"rendered":"<p>2e \u00e9dition du Festival Africain des Arts Martiaux (FADAM 2019)<br \/>\nJean Claude Van Damme et Jackie Chan \u00e0 Abidjan<br \/>\nLes icones des arts martiaux, Jean Claude Van Damme et Jackie Chan seront \u00e0 Abidjan du 06 au 12 mai 2019. L\u2019information a \u00e9t\u00e9 donn\u00e9e hier jeudi 29 novembre 2019, \u00e0 la chambre de commerce et d\u2019industrie d\u2019Abidjan, par Maitre Dominique Saatenang , champion du monde de Kung Fu en 2006. Il est le premier Africain form\u00e9 au temple de Shaolin, dont il est l\u2019ambassadeur culturel \u00e0 travers le monde depuis 2011, et par ailleurs imitateur du festival Africain des Arts Martiaux (FADAM 2019).<br \/>\nCet \u00e9v\u00e8nement sportif, culturel, \u00e9conomique, \u00e9ducatif et \u00e0 action sociale (FADAM 2e \u00e9dition), pr\u00e9vu \u00e0 Abidjan du 6 au 12 mai 2019 verra la participation de 3000 sportifs issus de 50 pays des 5 continents.<br \/>\nEn effet, plac\u00e9 sous le signe de la paix et de l\u2019\u00e9mergence de l\u2019Afrique, le FADAM 2018 se veut plus marquant que jamais avec la participation de Jean Claude Van Damme. L\u2019ic\u00f4ne du karat\u00e9 a promis animer un stage de karat\u00e9 en C\u00f4te d\u2019Ivoire pendant la semaine du festival.<br \/>\nProc\u00e9dant au lancement officiel du FADAM, Danho Paulin, ministre des Sports a invit\u00e9 les f\u00e9d\u00e9rations sportives et les entreprises \u00e0 s\u2019approprier l\u2019\u00e9v\u00e8nement. \u00ab Nous accordons notre soutien ferme aux promoteurs et invitons les f\u00e9d\u00e9rations sportives \u00e0 travailler en synergie avec les initiateurs \u00bb a affirm\u00e9 le ministre des sports \u00e0 l\u2019occasion du lancement dudit festival le jeudi 29 novembre \u00e0 Abidjan. Profitant de l\u2019occasion, Me Dominique Saatenang a d\u00e9voil\u00e9 le programme de la 2e \u00e9dition : \u00ab 1000 artistes venus de 50 pays des 5 continents participeront \u00e0 la nuit du Fadam le 11 mai 2019. Cette \u00e9dition sera marqu\u00e9e par deux grandes comp\u00e9titions internationales de lutte Africaine. Les 6 et 7 mai, comp\u00e9tition de Kungfu Schaolin. Une journ\u00e9e touristique, un forum des investisseurs. Une d\u00e9monstration de 30 disciplines de sports de combats, des expositions tout au long du festival ainsi que Le forum des investisseurs internationaux sont pr\u00e9vus \u00bb, a indiqu\u00e9 initiateur.<br \/>\nSelon les promoteurs du festival, l\u2019\u00e9v\u00e8nement a une mission sociale dont l\u2019objectif est de contribuer \u00e0 la paix en Afrique. Le festival sera mat\u00e9rialis\u00e9 par divers actions sociales ainsi que des conf\u00e9rences seront dites par des experts. \u00ab Toutes ces actions seront couronn\u00e9es par la distribution de bourses d\u2019\u00e9tudes aux Ivoiriens, le tout chapeaut\u00e9 par la construction d\u2019une acad\u00e9mie des arts martiaux (Temple de Schaolin) en C\u00f4te d\u2019Ivoire \u00bb, a conclu le Brice Lee Africain.<br \/>\nCarlos All\u00e9luia<br \/>\nSource : le courrier<\/p>\n","protected":false},"excerpt":{"rendered":"<p>2e \u00e9dition du Festival Africain des Arts Martiaux (FADAM 2019) Jean Claude Van Damme et Jackie Chan \u00e0 Abidjan Les icones des arts martiaux, Jean Claude Van Damme et Jackie Chan seront \u00e0 Abidjan du 06 au 12 mai 2019. L\u2019information a \u00e9t\u00e9 donn\u00e9e hier jeudi 29 novembre 2019, \u00e0 la chambre de commerce et [&hellip;]<\/p>\n","protected":false},"author":2,"featured_media":2688,"comment_status":"closed","ping_status":"closed","sticky":false,"template":"","format":"standard","meta":{"footnotes":""},"categories":[19],"tags":[],"class_list":["post-2686","post","type-post","status-publish","format-standard","has-post-thumbnail","hentry","category-culture"],"_links":{"self":[{"href":"https:\/\/www.infoline.ci\/index.php?rest_route=\/wp\/v2\/posts\/2686","targetHints":{"allow":["GET"]}}],"collection":[{"href":"https:\/\/www.infoline.ci\/index.php?rest_route=\/wp\/v2\/posts"}],"about":[{"href":"https:\/\/www.infoline.ci\/index.php?rest_route=\/wp\/v2\/types\/post"}],"author":[{"embeddable":true,"href":"https:\/\/www.infoline.ci\/index.php?rest_route=\/wp\/v2\/users\/2"}],"replies":[{"embeddable":true,"href":"https:\/\/www.infoline.ci\/index.php?rest_route=%2Fwp%2Fv2%2Fcomments&post=2686"}],"version-history":[{"count":1,"href":"https:\/\/www.infoline.ci\/index.php?rest_route=\/wp\/v2\/posts\/2686\/revisions"}],"predecessor-version":[{"id":2689,"href":"https:\/\/www.infoline.ci\/index.php?rest_route=\/wp\/v2\/posts\/2686\/revisions\/2689"}],"wp:featuredmedia":[{"embeddable":true,"href":"https:\/\/www.infoline.ci\/index.php?rest_route=\/wp\/v2\/media\/2688"}],"wp:attachment":[{"href":"https:\/\/www.infoline.ci\/index.php?rest_route=%2Fwp%2Fv2%2Fmedia&parent=2686"}],"wp:term":[{"taxonomy":"category","embeddable":true,"href":"https:\/\/www.infoline.ci\/index.php?rest_route=%2Fwp%2Fv2%2Fcategories&post=2686"},{"taxonomy":"post_tag","embeddable":true,"href":"https:\/\/www.infoline.ci\/index.php?rest_route=%2Fwp%2Fv2%2Ftags&post=2686"}],"curies":[{"name":"wp","href":"https:\/\/api.w.org\/{rel}","templated":true}]}}