{"id":2669,"date":"2018-11-30T08:10:12","date_gmt":"2018-11-30T08:10:12","guid":{"rendered":"http:\/\/www.infoline.ci\/?p=2669"},"modified":"2018-11-30T08:10:12","modified_gmt":"2018-11-30T08:10:12","slug":"cote-divoire-un-super-noel-a-lattention-des-tout-petits","status":"publish","type":"post","link":"https:\/\/www.infoline.ci\/?p=2669","title":{"rendered":"C\u00f4te d&rsquo;Ivoire : Un super No\u00ebl \u00e0 l\u2019attention des tout-petits"},"content":{"rendered":"<p>Le palais de la culture Bernard Dadi\u00e9 et Radio JAM organisent le 25 d\u00e9cembre 2018 une f\u00eate en l\u2019honneur des enfants du primaire d\u00e9nomm\u00e9e \u00ab le super des tout-petits \u00bb. L\u2019information a \u00e9t\u00e9 donn\u00e9e le 22 novembre 2018 lors de la conf\u00e9rence de presse anim\u00e9e conjointement par Mike Okou, directeur g\u00e9n\u00e9ral de radio JAM et Dindji Iboh, responsable planning du palais de la culture. Plusieurs activit\u00e9s ludiques et didactiques sont au menu de ces festivit\u00e9s notamment des attractions, des jeux concours, des cadeaux et des spectacles avec les artistes du moment. \u00ab On veut offrir aux enfants ce qu\u2019ils aiment en mati\u00e8re de musique. Nous leur permettrons aussi d\u2019avoir des activit\u00e9s ludiques. Nous avons pris toutes les dispositions pour que tout se passe bien \u00bb a indiqu\u00e9 Mike Okou. Il s\u2019agit de Serge Beynaud, Safarel Obiang, Ariel Sheney, TNT, K\u00e9djevara, Bebi Philip, Yabongo Lova, Vitale, Mc One. Quant au responsable planning du palais de la culture Dindji Iboh, \u00ab le super No\u00ebl des tout-petits \u00bb qui est \u00e0 sa premi\u00e8re \u00e9dition restera une tradition pour le bonheur des enfants. \u00ab Nous avons propos\u00e9 la date du 25 d\u00e9cembre parce que c\u2019\u00e9tait une habitude cr\u00e9\u00e9e par Tonton Bouba. Donc nous voulons combler ce vide. Nous entendons faire du super no\u00ebl des tout-petits, une institution qui va revenir chaque ann\u00e9e \u00bb a soutenu Dindji Iboh. Le super No\u00ebl aura lieu le 25 d\u00e9cembre 2018 \u00e0 la salle Anoumabo et \u00e0 l\u2019espace lagunaire.<br \/>\nI.D<\/p>\n","protected":false},"excerpt":{"rendered":"<p>Le palais de la culture Bernard Dadi\u00e9 et Radio JAM organisent le 25 d\u00e9cembre 2018 une f\u00eate en l\u2019honneur des enfants du primaire d\u00e9nomm\u00e9e \u00ab le super des tout-petits \u00bb. L\u2019information a \u00e9t\u00e9 donn\u00e9e le 22 novembre 2018 lors de la conf\u00e9rence de presse anim\u00e9e conjointement par Mike Okou, directeur g\u00e9n\u00e9ral de radio JAM et [&hellip;]<\/p>\n","protected":false},"author":2,"featured_media":2670,"comment_status":"closed","ping_status":"closed","sticky":false,"template":"","format":"standard","meta":{"footnotes":""},"categories":[19],"tags":[],"class_list":["post-2669","post","type-post","status-publish","format-standard","has-post-thumbnail","hentry","category-culture"],"_links":{"self":[{"href":"https:\/\/www.infoline.ci\/index.php?rest_route=\/wp\/v2\/posts\/2669","targetHints":{"allow":["GET"]}}],"collection":[{"href":"https:\/\/www.infoline.ci\/index.php?rest_route=\/wp\/v2\/posts"}],"about":[{"href":"https:\/\/www.infoline.ci\/index.php?rest_route=\/wp\/v2\/types\/post"}],"author":[{"embeddable":true,"href":"https:\/\/www.infoline.ci\/index.php?rest_route=\/wp\/v2\/users\/2"}],"replies":[{"embeddable":true,"href":"https:\/\/www.infoline.ci\/index.php?rest_route=%2Fwp%2Fv2%2Fcomments&post=2669"}],"version-history":[{"count":1,"href":"https:\/\/www.infoline.ci\/index.php?rest_route=\/wp\/v2\/posts\/2669\/revisions"}],"predecessor-version":[{"id":2671,"href":"https:\/\/www.infoline.ci\/index.php?rest_route=\/wp\/v2\/posts\/2669\/revisions\/2671"}],"wp:featuredmedia":[{"embeddable":true,"href":"https:\/\/www.infoline.ci\/index.php?rest_route=\/wp\/v2\/media\/2670"}],"wp:attachment":[{"href":"https:\/\/www.infoline.ci\/index.php?rest_route=%2Fwp%2Fv2%2Fmedia&parent=2669"}],"wp:term":[{"taxonomy":"category","embeddable":true,"href":"https:\/\/www.infoline.ci\/index.php?rest_route=%2Fwp%2Fv2%2Fcategories&post=2669"},{"taxonomy":"post_tag","embeddable":true,"href":"https:\/\/www.infoline.ci\/index.php?rest_route=%2Fwp%2Fv2%2Ftags&post=2669"}],"curies":[{"name":"wp","href":"https:\/\/api.w.org\/{rel}","templated":true}]}}