{"id":2666,"date":"2018-11-30T08:04:32","date_gmt":"2018-11-30T08:04:32","guid":{"rendered":"http:\/\/www.infoline.ci\/?p=2666"},"modified":"2018-11-30T08:04:32","modified_gmt":"2018-11-30T08:04:32","slug":"la-laureate-du-festival-des-identites-culturelles-recoit-son-prix-des-mains-de-lambassadeur-du-burkina-en-cote-divoire","status":"publish","type":"post","link":"https:\/\/www.infoline.ci\/?p=2666","title":{"rendered":"La laur\u00e9ate du Festival des Identit\u00e9s Culturelles re\u00e7oit son prix des mains de l\u2019Ambassadeur du Burkina en C\u00f4te d\u2019Ivoire"},"content":{"rendered":"<p>&nbsp;<\/p>\n<p>S. E. M. Mahamadou ZONGO, Ambassadeur du Burkina en C\u00f4te d\u2019Ivoire, a proc\u00e9d\u00e9 ce jeudi 22 novembre 2018, \u00e0 la remise du premier prix du Festival des Identit\u00e9s Culturelles, \u00e0 Madame Brou Ursula Christelle KOFFI, \u00e9tudiante en Master 2 Cin\u00e9ma de l\u2019Universit\u00e9 F\u00e9lix Houphou\u00ebt BOIGNY de Cocody d\u2019Abidjan.<br \/>\nLa c\u00e9r\u00e9monie s\u2019est d\u00e9roul\u00e9e en pr\u00e9sence d\u2019un membre du jury, Monsieur Aquin No\u00ebl ROUAMBA, et du Conseiller culturel Monsieur Fabrice OUEDRAOGO.<br \/>\nCette \u00e9dition du Festival des Identit\u00e9s Culturelles (FestIC) s\u2019est tenue \u00e0 Ouagadougou du 4 au 10 novembre 2018.Trois prix avaient \u00e9t\u00e9 d\u00e9cern\u00e9s. Il s\u2019agit du prix de la Meilleure Fiction, remport\u00e9 par Brou Christelle Ursula KOFFI de la C\u00f4te d\u2019Ivoire ; du prix du Meilleur Documentaire obtenu par Ayeman Aymar ESSE du B\u00e9nin, et du prix du Public par Laurentine BAYALA du Burkina Faso.<br \/>\nCr\u00e9\u00e9 en 2018, le Festival des Identit\u00e9s Culturelles a pour but de promouvoir des films qui font d\u00e9couvrir des identit\u00e9s culturelles particuli\u00e8res, en relation avec l\u2019Afrique. Son objectif principal est de contribuer \u00e0 la promotion et \u00e0 la sauvegarde des richesses de diff\u00e9rents peuples.<\/p>\n<p>source : Ambassade du Burkina Faso en R\u00e9publique de C\u00f4te d\u2019Ivoire<\/p>\n","protected":false},"excerpt":{"rendered":"<p>&nbsp; S. E. M. Mahamadou ZONGO, Ambassadeur du Burkina en C\u00f4te d\u2019Ivoire, a proc\u00e9d\u00e9 ce jeudi 22 novembre 2018, \u00e0 la remise du premier prix du Festival des Identit\u00e9s Culturelles, \u00e0 Madame Brou Ursula Christelle KOFFI, \u00e9tudiante en Master 2 Cin\u00e9ma de l\u2019Universit\u00e9 F\u00e9lix Houphou\u00ebt BOIGNY de Cocody d\u2019Abidjan. La c\u00e9r\u00e9monie s\u2019est d\u00e9roul\u00e9e en pr\u00e9sence [&hellip;]<\/p>\n","protected":false},"author":2,"featured_media":2667,"comment_status":"closed","ping_status":"closed","sticky":false,"template":"","format":"standard","meta":{"footnotes":""},"categories":[19],"tags":[],"class_list":["post-2666","post","type-post","status-publish","format-standard","has-post-thumbnail","hentry","category-culture"],"_links":{"self":[{"href":"https:\/\/www.infoline.ci\/index.php?rest_route=\/wp\/v2\/posts\/2666","targetHints":{"allow":["GET"]}}],"collection":[{"href":"https:\/\/www.infoline.ci\/index.php?rest_route=\/wp\/v2\/posts"}],"about":[{"href":"https:\/\/www.infoline.ci\/index.php?rest_route=\/wp\/v2\/types\/post"}],"author":[{"embeddable":true,"href":"https:\/\/www.infoline.ci\/index.php?rest_route=\/wp\/v2\/users\/2"}],"replies":[{"embeddable":true,"href":"https:\/\/www.infoline.ci\/index.php?rest_route=%2Fwp%2Fv2%2Fcomments&post=2666"}],"version-history":[{"count":1,"href":"https:\/\/www.infoline.ci\/index.php?rest_route=\/wp\/v2\/posts\/2666\/revisions"}],"predecessor-version":[{"id":2668,"href":"https:\/\/www.infoline.ci\/index.php?rest_route=\/wp\/v2\/posts\/2666\/revisions\/2668"}],"wp:featuredmedia":[{"embeddable":true,"href":"https:\/\/www.infoline.ci\/index.php?rest_route=\/wp\/v2\/media\/2667"}],"wp:attachment":[{"href":"https:\/\/www.infoline.ci\/index.php?rest_route=%2Fwp%2Fv2%2Fmedia&parent=2666"}],"wp:term":[{"taxonomy":"category","embeddable":true,"href":"https:\/\/www.infoline.ci\/index.php?rest_route=%2Fwp%2Fv2%2Fcategories&post=2666"},{"taxonomy":"post_tag","embeddable":true,"href":"https:\/\/www.infoline.ci\/index.php?rest_route=%2Fwp%2Fv2%2Ftags&post=2666"}],"curies":[{"name":"wp","href":"https:\/\/api.w.org\/{rel}","templated":true}]}}