{"id":2621,"date":"2018-11-18T22:54:06","date_gmt":"2018-11-18T22:54:06","guid":{"rendered":"http:\/\/www.infoline.ci\/?p=2621"},"modified":"2018-11-18T22:54:06","modified_gmt":"2018-11-18T22:54:06","slug":"accident-de-circulation-le-drame-a-fait-4-morts-et-3-blesses-ce-dimanche-sur-la-route-de-djebonoua","status":"publish","type":"post","link":"https:\/\/www.infoline.ci\/?p=2621","title":{"rendered":"Accident de circulation : le drame a fait  4 morts et 3  bless\u00e9s, ce dimanche sur la route de Dj\u00e9bonoua"},"content":{"rendered":"<p>Ce dimanche 18 novembre 2018 notre pays a enregistr\u00e9 son \u00e9ni\u00e8me accident de circulation. Selon une source des sapeurs-pompiers le drame a enregistr\u00e9 sur le champ 4 morts, 3 blesses dont un cas dans un \u00e9tat critique. En effet, l\u2019accident s\u2019est produit le matin \u00e0 Assengou, village de la commune de Djebonoua situ\u00e9 \u00e0 une dizaine de kilom\u00e8tres de Bouak\u00e9. Selon une source s\u00e9curitaire un v\u00e9hicule Audi de couleur noire immatricul\u00e9e 7715 FS 01, Kon\u00e9 Issa de la primature qui \u00e9tait au volant et Konat\u00e9 Ben, stagiaire au service communication de la primature, ont pris la route pour se rendre \u00e0 Bouak\u00e9.<br \/>\nMalheureusement au sortir du village d\u2019Assengou, on ne sait pas la raison, un v\u00e9hicule de marque Opel de couleur bleue nuit immatriculation 957 FL 01 qui venait en sens inverse, s\u2019est retrouv\u00e9 Nez \u00e0 Nez avec le v\u00e9hicule de type Audi. Les deux v\u00e9hicules qui \u00e9taient \u00e0 vive allure se sont heurt\u00e9s mortellement.<br \/>\nL\u2019Opel qui n\u2019a pas r\u00e9sist\u00e9 \u00e0 l\u2019Audi. Elle est r\u00e9duite. Tout de m\u00eame ces occupants Namory Ciss\u00e9 sur les cinq occupants a eu la vie sauve, au moment du drame. Selon les pompiers, Il a fallu pr\u00e8s de 2h chrono aux sapeurs-pompiers pour extraire les occupants d\u00e9c\u00e9d\u00e9s. Les agents des pompes fun\u00e8bres ont \u00e9vacu\u00e9 les corps sans vie \u00e0 la morgue de Bouak\u00e9.<br \/>\nAlert\u00e9 les \u00e9l\u00e9ments de la brigade de gendarmerie de Dj\u00e9bonoua ont fait le constat d\u2019usage et ont ouvert une enqu\u00eate. Notons que l\u2019accident a perturb\u00e9 la circulation durant plusieurs heures.<br \/>\nGuy Christ Myrlande<br \/>\nSource :Ivorian.net<\/p>\n","protected":false},"excerpt":{"rendered":"<p>Ce dimanche 18 novembre 2018 notre pays a enregistr\u00e9 son \u00e9ni\u00e8me accident de circulation. Selon une source des sapeurs-pompiers le drame a enregistr\u00e9 sur le champ 4 morts, 3 blesses dont un cas dans un \u00e9tat critique. En effet, l\u2019accident s\u2019est produit le matin \u00e0 Assengou, village de la commune de Djebonoua situ\u00e9 \u00e0 une [&hellip;]<\/p>\n","protected":false},"author":2,"featured_media":2622,"comment_status":"closed","ping_status":"closed","sticky":false,"template":"","format":"standard","meta":{"footnotes":""},"categories":[22],"tags":[],"class_list":["post-2621","post","type-post","status-publish","format-standard","has-post-thumbnail","hentry","category-faits-divers"],"_links":{"self":[{"href":"https:\/\/www.infoline.ci\/index.php?rest_route=\/wp\/v2\/posts\/2621","targetHints":{"allow":["GET"]}}],"collection":[{"href":"https:\/\/www.infoline.ci\/index.php?rest_route=\/wp\/v2\/posts"}],"about":[{"href":"https:\/\/www.infoline.ci\/index.php?rest_route=\/wp\/v2\/types\/post"}],"author":[{"embeddable":true,"href":"https:\/\/www.infoline.ci\/index.php?rest_route=\/wp\/v2\/users\/2"}],"replies":[{"embeddable":true,"href":"https:\/\/www.infoline.ci\/index.php?rest_route=%2Fwp%2Fv2%2Fcomments&post=2621"}],"version-history":[{"count":1,"href":"https:\/\/www.infoline.ci\/index.php?rest_route=\/wp\/v2\/posts\/2621\/revisions"}],"predecessor-version":[{"id":2623,"href":"https:\/\/www.infoline.ci\/index.php?rest_route=\/wp\/v2\/posts\/2621\/revisions\/2623"}],"wp:featuredmedia":[{"embeddable":true,"href":"https:\/\/www.infoline.ci\/index.php?rest_route=\/wp\/v2\/media\/2622"}],"wp:attachment":[{"href":"https:\/\/www.infoline.ci\/index.php?rest_route=%2Fwp%2Fv2%2Fmedia&parent=2621"}],"wp:term":[{"taxonomy":"category","embeddable":true,"href":"https:\/\/www.infoline.ci\/index.php?rest_route=%2Fwp%2Fv2%2Fcategories&post=2621"},{"taxonomy":"post_tag","embeddable":true,"href":"https:\/\/www.infoline.ci\/index.php?rest_route=%2Fwp%2Fv2%2Ftags&post=2621"}],"curies":[{"name":"wp","href":"https:\/\/api.w.org\/{rel}","templated":true}]}}