{"id":2340,"date":"2018-10-12T18:42:39","date_gmt":"2018-10-12T18:42:39","guid":{"rendered":"http:\/\/www.infoline.ci\/?p=2340"},"modified":"2018-10-12T18:42:39","modified_gmt":"2018-10-12T18:42:39","slug":"elections-municipales-2018-le-professeur-mariatou-kone-invite-les-ivoiriens-a-aller-dans-les-aux-urnes-le-samedi-13-octobre-avec-un-esprit-apaise","status":"publish","type":"post","link":"https:\/\/www.infoline.ci\/?p=2340","title":{"rendered":"Elections Municipales 2018 : le professeur Mariatou Kon\u00e9: invite les ivoiriens \u00e0 aller dans les  aux urnes  le samedi 13 octobre avec un esprit apais\u00e9\u00a0\u00bb"},"content":{"rendered":"<p>Elections Municipales 2018 : le professeur Mariatou Kon\u00e9: invite les ivoiriens \u00e0 aller dans les aux urnes le samedi 13 octobre avec un esprit apais\u00e9\u00a0\u00bb<br \/>\nDECLARATION DU MINISTERE DE LA SOLIDARITE, DE LA COHESION SOCIALE ET DE LA LUTTE CONTRE LA PAUVRETE<br \/>\nIvoiriennes, Ivoiriennes, Chers compatriotes, Ce samedi 13 octobre 2018, nous sommes invit\u00e9s \u00e0 exercer notre droit de vote, afin d\u2019\u00e9lire nos conseillers r\u00e9gionaux et municipaux. CES \u00e9lections locales doivent \u00eatre, pour nous, une autre occasion de montrer notre maturit\u00e9 et notre sens \u00e9lev\u00e9 du civisme en allant tous voter dans le calme, la s\u00e9r\u00e9nit\u00e9 et le respect du jeu d\u00e9mocratique.<br \/>\nEn choisissant, en toute libert\u00e9 et en toute responsabilit\u00e9, ceux que nous croyons aptes \u00e0 diriger nos r\u00e9gions et nos communes, nous devons maintenir vive la flamme de la paix et de la coh\u00e9sion sociale.<br \/>\nNotre pays, aux nobles aspirations de prosp\u00e9rit\u00e9 partag\u00e9e, ne doit plus jamais \u00eatre le th\u00e9\u00e2tre de violences aux cons\u00e9quences douloureuses pour les populations.<br \/>\nDurant la campagne \u00e9lectorale, le Minist\u00e8re de la Solidarit\u00e9, de la Coh\u00e9sion Sociale et de la Lutte contre la Pauvret\u00e9 a d\u00e9ploy\u00e9 plusieurs \u00e9quipes sur l\u2019ensemble du territoire national pour mener des campagnes de la sensibilisation et de pr\u00e9vention. Cette mission pilot\u00e9e par le Programme National de Coh\u00e9sion Sociale (PNCS) va intensifier ses actions en vue du bon d\u00e9roulement du scrutin.<br \/>\nC\u2019est le lieu d\u2019interpeller l\u2019ensemble des acteurs, notamment les candidats, les \u00e9quipes de campagne, les populations, les professionnels des m\u00e9dias et de la communication sur la n\u00e9cessit\u00e9 de pr\u00e9server le climat de paix et de coh\u00e9sion avant, pendant et apr\u00e8s les \u00e9lections.<br \/>\nEn cette p\u00e9riode \u00e9lectorale, \u00e9vitons d\u2019inciter \u00e0 la violence, de d\u00e9velopper des sentiments de haine, de tenir des propos de nature \u00e0 mettre \u00e0 mal la coh\u00e9sion sociale et \u00e0 entacher le d\u00e9roulement scrutin. Respecter les r\u00e9sultats des urnes doit int\u00e9grer notre culture d\u00e9mocratique.<br \/>\nToutefois, en cas de contestation du verdict des urnes, nous devons avoir le reflexe du recours syst\u00e9matique aux lois et dispositions r\u00e9glementaires en vigueur et non \u00e0 la violence. Le peuple ivoirien est r\u00e9solument engag\u00e9 sur la route de l\u2019\u00e9mergence sous la houlette du Pr\u00e9sident de la R\u00e9publique, Son Excellence Monsieur Alassane Ouattara et ne souhaite pas revivre les tragiques \u00e9v\u00e9nements qui ont endeuill\u00e9 des milliers de familles et provoqu\u00e9 de graves traumatismes physiques et\/ou psychologiques chez bon nombre de nos concitoyens. Le samedi 13 octobre, allons toutes et tous aux urnes avec un esprit apais\u00e9 qui pr\u00e9serve nos liens de fraternit\u00e9 et d\u2019amiti\u00e9, qui pr\u00e9serve des vies humaines et qui pr\u00e9serve l\u2019avenir de nitre pats. Agissons ensemble pour des \u00e9lections apais\u00e9es. Professeur Mariatou KONE Ministre de la Solidarit\u00e9, de la Coh\u00e9sion Sociale et de la Lutte contre la Pauvret\u00e9<br \/>\nSource : fratmat.info<\/p>\n","protected":false},"excerpt":{"rendered":"<p>Elections Municipales 2018 : le professeur Mariatou Kon\u00e9: invite les ivoiriens \u00e0 aller dans les aux urnes le samedi 13 octobre avec un esprit apais\u00e9\u00a0\u00bb DECLARATION DU MINISTERE DE LA SOLIDARITE, DE LA COHESION SOCIALE ET DE LA LUTTE CONTRE LA PAUVRETE Ivoiriennes, Ivoiriennes, Chers compatriotes, Ce samedi 13 octobre 2018, nous sommes invit\u00e9s \u00e0 [&hellip;]<\/p>\n","protected":false},"author":2,"featured_media":2341,"comment_status":"closed","ping_status":"closed","sticky":false,"template":"","format":"standard","meta":{"footnotes":""},"categories":[23],"tags":[],"class_list":["post-2340","post","type-post","status-publish","format-standard","has-post-thumbnail","hentry","category-politique"],"_links":{"self":[{"href":"https:\/\/www.infoline.ci\/index.php?rest_route=\/wp\/v2\/posts\/2340","targetHints":{"allow":["GET"]}}],"collection":[{"href":"https:\/\/www.infoline.ci\/index.php?rest_route=\/wp\/v2\/posts"}],"about":[{"href":"https:\/\/www.infoline.ci\/index.php?rest_route=\/wp\/v2\/types\/post"}],"author":[{"embeddable":true,"href":"https:\/\/www.infoline.ci\/index.php?rest_route=\/wp\/v2\/users\/2"}],"replies":[{"embeddable":true,"href":"https:\/\/www.infoline.ci\/index.php?rest_route=%2Fwp%2Fv2%2Fcomments&post=2340"}],"version-history":[{"count":1,"href":"https:\/\/www.infoline.ci\/index.php?rest_route=\/wp\/v2\/posts\/2340\/revisions"}],"predecessor-version":[{"id":2342,"href":"https:\/\/www.infoline.ci\/index.php?rest_route=\/wp\/v2\/posts\/2340\/revisions\/2342"}],"wp:featuredmedia":[{"embeddable":true,"href":"https:\/\/www.infoline.ci\/index.php?rest_route=\/wp\/v2\/media\/2341"}],"wp:attachment":[{"href":"https:\/\/www.infoline.ci\/index.php?rest_route=%2Fwp%2Fv2%2Fmedia&parent=2340"}],"wp:term":[{"taxonomy":"category","embeddable":true,"href":"https:\/\/www.infoline.ci\/index.php?rest_route=%2Fwp%2Fv2%2Fcategories&post=2340"},{"taxonomy":"post_tag","embeddable":true,"href":"https:\/\/www.infoline.ci\/index.php?rest_route=%2Fwp%2Fv2%2Ftags&post=2340"}],"curies":[{"name":"wp","href":"https:\/\/api.w.org\/{rel}","templated":true}]}}