{"id":2324,"date":"2018-10-08T20:52:55","date_gmt":"2018-10-08T20:52:55","guid":{"rendered":"http:\/\/www.infoline.ci\/?p=2324"},"modified":"2018-10-08T20:57:36","modified_gmt":"2018-10-08T20:57:36","slug":"pdci-rda-6eme-congres-extraordinaire-du-pdci-rda-fixe-au-15-octobre-prochain","status":"publish","type":"post","link":"https:\/\/www.infoline.ci\/?p=2324","title":{"rendered":"PDCI-RDA: le 6\u00e8me congr\u00e8s extraordinaire fix\u00e9 au 15 octobre prochain"},"content":{"rendered":"<p>:PDCI-RDA 6\u00e8me congr\u00e8s extraordinaire du PDCI-RDA fix\u00e9 au 15 octobre prochain<br \/>\nCe lundi 08 octobre 2018 le plus vieux parti politique de C\u00f4te d\u2019Ivoire le PDCI-RDA a tenu son 9\u00e8me bureau politique \u00e0 Daoukro. A cette occasion le PDCI-RDA r\u00e9affirme la validit\u00e9 de toutes les d\u00e9cisions de sa session prises le 24 septembre 2018 en raison de leur conformit\u00e9 \u00e0 leurs Statuts et R\u00e8glement Int\u00e9rieur et fixe son congr\u00e8s extraordinaire au 15 octobre prochain.<br \/>\n\u00ab Le Bureau Politique du PDCI-RDA s\u2019est tenu le 08 octobre 2018, \u00e0 l\u2019H\u00f4tel de la Paix de Daoukro, sur convocation et sous la pr\u00e9sidence effective de son Excellence Henri Konan B\u00e9di\u00e9, pr\u00e9sident du Parti.<br \/>\nAu cours de cette rencontre, \u00e9largie aux membres du Comit\u00e9 des Sages, ils ont examin\u00e9 la situation sociopolitique de la C\u00f4te d\u2019Ivoire et les tentatives de d\u00e9stabilisation et de liquidation du PDCI-RDA confirm\u00e9es par les diff\u00e9rents proc\u00e8s en suspension et en annulation des r\u00e9unions du Bureau Politique.<br \/>\nAnge Emmanuel Ok\u00e9chuwu<\/p>\n","protected":false},"excerpt":{"rendered":"<p>:PDCI-RDA 6\u00e8me congr\u00e8s extraordinaire du PDCI-RDA fix\u00e9 au 15 octobre prochain Ce lundi 08 octobre 2018 le plus vieux parti politique de C\u00f4te d\u2019Ivoire le PDCI-RDA a tenu son 9\u00e8me bureau politique \u00e0 Daoukro. A cette occasion le PDCI-RDA r\u00e9affirme la validit\u00e9 de toutes les d\u00e9cisions de sa session prises le 24 septembre 2018 en [&hellip;]<\/p>\n","protected":false},"author":2,"featured_media":2325,"comment_status":"closed","ping_status":"closed","sticky":false,"template":"","format":"standard","meta":{"footnotes":""},"categories":[23],"tags":[],"class_list":["post-2324","post","type-post","status-publish","format-standard","has-post-thumbnail","hentry","category-politique"],"_links":{"self":[{"href":"https:\/\/www.infoline.ci\/index.php?rest_route=\/wp\/v2\/posts\/2324","targetHints":{"allow":["GET"]}}],"collection":[{"href":"https:\/\/www.infoline.ci\/index.php?rest_route=\/wp\/v2\/posts"}],"about":[{"href":"https:\/\/www.infoline.ci\/index.php?rest_route=\/wp\/v2\/types\/post"}],"author":[{"embeddable":true,"href":"https:\/\/www.infoline.ci\/index.php?rest_route=\/wp\/v2\/users\/2"}],"replies":[{"embeddable":true,"href":"https:\/\/www.infoline.ci\/index.php?rest_route=%2Fwp%2Fv2%2Fcomments&post=2324"}],"version-history":[{"count":3,"href":"https:\/\/www.infoline.ci\/index.php?rest_route=\/wp\/v2\/posts\/2324\/revisions"}],"predecessor-version":[{"id":2328,"href":"https:\/\/www.infoline.ci\/index.php?rest_route=\/wp\/v2\/posts\/2324\/revisions\/2328"}],"wp:featuredmedia":[{"embeddable":true,"href":"https:\/\/www.infoline.ci\/index.php?rest_route=\/wp\/v2\/media\/2325"}],"wp:attachment":[{"href":"https:\/\/www.infoline.ci\/index.php?rest_route=%2Fwp%2Fv2%2Fmedia&parent=2324"}],"wp:term":[{"taxonomy":"category","embeddable":true,"href":"https:\/\/www.infoline.ci\/index.php?rest_route=%2Fwp%2Fv2%2Fcategories&post=2324"},{"taxonomy":"post_tag","embeddable":true,"href":"https:\/\/www.infoline.ci\/index.php?rest_route=%2Fwp%2Fv2%2Ftags&post=2324"}],"curies":[{"name":"wp","href":"https:\/\/api.w.org\/{rel}","templated":true}]}}