{"id":2190,"date":"2018-08-23T11:40:26","date_gmt":"2018-08-23T11:40:26","guid":{"rendered":"http:\/\/www.infoline.ci\/?p=2190"},"modified":"2018-08-23T11:40:26","modified_gmt":"2018-08-23T11:40:26","slug":"premiere-league-anglaise-brice-dja-djedje-a-resilie-son-contrat-avec-watford","status":"publish","type":"post","link":"https:\/\/www.infoline.ci\/?p=2190","title":{"rendered":"Premi\u00e8re league Anglaise : Brice Dja Dj\u00e9dj\u00e9  a r\u00e9sili\u00e9 son contrat avec Watford"},"content":{"rendered":"<p>Premi\u00e8re league Anglaise : Brice Dja Dj\u00e9dj\u00e9 a r\u00e9sili\u00e9 son contrat avec Watford<br \/>\nSelon le Twitter du club Anglais de Premier League Watford fc, l\u2019ex- d\u00e9fenseur de Marseille l\u2019ivoirien Brice Dja Dj\u00e9dj\u00e9 a r\u00e9sili\u00e9 son contrat avec le dit club<br \/>\nRappelons qu\u2019apr\u00e8s deux ans pour 4 millions d\u2019Euros, le lat\u00e9ral droit met un terme \u00e0 son contrat qui le liait jusqu\u2019en juin 2020 \u00e0 la franchise Anglaise<br \/>\n\u00ab Le Watford FC confirme qu\u2019apr\u00e8s avoir compl\u00e9t\u00e9 les documents appropri\u00e9s aujourd\u2019hui, il a \u00e9t\u00e9 convenu de r\u00e9silier le contrat du d\u00e9fenseur Brice Dja Dj\u00e9dj\u00e9 par consentement mutuel. \u00bb peut-on lire sur le Twitter<br \/>\nNotons que l\u2019ivoirien a fait deux apparitions en FA Cup sous les couleurs des Hornets, Brice Dja Dj\u00e9dj\u00e9 avait \u00e9t\u00e9 pr\u00eat\u00e9 au RC Lens la saison derni\u00e8re.<br \/>\nL\u2019international de 27 ans qui a \u00e9t\u00e9 form\u00e9 par le Paris Saint Germains pose ses valises dans la foul\u00e9e en D1 Turc avec le club d\u2019Ankarag\u00fcc\u00fc o\u00f9 il va passer les deux prochaines saisons.<br \/>\nGuy Christ<br \/>\nSource :sportivoire<\/p>\n","protected":false},"excerpt":{"rendered":"<p>Premi\u00e8re league Anglaise : Brice Dja Dj\u00e9dj\u00e9 a r\u00e9sili\u00e9 son contrat avec Watford Selon le Twitter du club Anglais de Premier League Watford fc, l\u2019ex- d\u00e9fenseur de Marseille l\u2019ivoirien Brice Dja Dj\u00e9dj\u00e9 a r\u00e9sili\u00e9 son contrat avec le dit club Rappelons qu\u2019apr\u00e8s deux ans pour 4 millions d\u2019Euros, le lat\u00e9ral droit met un terme \u00e0 [&hellip;]<\/p>\n","protected":false},"author":2,"featured_media":2191,"comment_status":"closed","ping_status":"closed","sticky":false,"template":"","format":"standard","meta":{"footnotes":""},"categories":[28,25],"tags":[],"class_list":["post-2190","post","type-post","status-publish","format-standard","has-post-thumbnail","hentry","category-football","category-sports"],"_links":{"self":[{"href":"https:\/\/www.infoline.ci\/index.php?rest_route=\/wp\/v2\/posts\/2190","targetHints":{"allow":["GET"]}}],"collection":[{"href":"https:\/\/www.infoline.ci\/index.php?rest_route=\/wp\/v2\/posts"}],"about":[{"href":"https:\/\/www.infoline.ci\/index.php?rest_route=\/wp\/v2\/types\/post"}],"author":[{"embeddable":true,"href":"https:\/\/www.infoline.ci\/index.php?rest_route=\/wp\/v2\/users\/2"}],"replies":[{"embeddable":true,"href":"https:\/\/www.infoline.ci\/index.php?rest_route=%2Fwp%2Fv2%2Fcomments&post=2190"}],"version-history":[{"count":1,"href":"https:\/\/www.infoline.ci\/index.php?rest_route=\/wp\/v2\/posts\/2190\/revisions"}],"predecessor-version":[{"id":2192,"href":"https:\/\/www.infoline.ci\/index.php?rest_route=\/wp\/v2\/posts\/2190\/revisions\/2192"}],"wp:featuredmedia":[{"embeddable":true,"href":"https:\/\/www.infoline.ci\/index.php?rest_route=\/wp\/v2\/media\/2191"}],"wp:attachment":[{"href":"https:\/\/www.infoline.ci\/index.php?rest_route=%2Fwp%2Fv2%2Fmedia&parent=2190"}],"wp:term":[{"taxonomy":"category","embeddable":true,"href":"https:\/\/www.infoline.ci\/index.php?rest_route=%2Fwp%2Fv2%2Fcategories&post=2190"},{"taxonomy":"post_tag","embeddable":true,"href":"https:\/\/www.infoline.ci\/index.php?rest_route=%2Fwp%2Fv2%2Ftags&post=2190"}],"curies":[{"name":"wp","href":"https:\/\/api.w.org\/{rel}","templated":true}]}}