{"id":2089,"date":"2018-08-12T18:23:15","date_gmt":"2018-08-12T18:23:15","guid":{"rendered":"http:\/\/www.infoline.ci\/?p=2089"},"modified":"2018-08-12T18:23:15","modified_gmt":"2018-08-12T18:23:15","slug":"les-mineurs-de-la-maca-bientot-formes-aux-metiers-dartistes-coiffeurs-et-patissiers","status":"publish","type":"post","link":"https:\/\/www.infoline.ci\/?p=2089","title":{"rendered":"Les mineurs de la Maca bient\u00f4t form\u00e9s aux m\u00e9tiers d\u2019artistes, coiffeurs et p\u00e2tissiers"},"content":{"rendered":"<p>Les mineurs de la Maca bient\u00f4t form\u00e9s aux m\u00e9tiers d\u2019artistes, coiffeurs et p\u00e2tissiers<\/p>\n<p>L\u2019ONG N\u2019gboad\u00f4 b\u00e9n\u00e9ficie du soutien de la Suisse dans le cadre de son projet \u00ab Action 2 C\u0153urs \u00bb pour les enfants du centre d\u2019observation des mineurs (COM) de la maison d\u2019arr\u00eat et de correction d\u2019Abidjan(MACA). Thomas Litscher, ambassadeur de Suisse en C\u00f4te d\u2019Ivoire, l\u2019a fait savoir lors de la conf\u00e9rence de presse de pr\u00e9sentation officielle de ce projet, le mardi 31 juillet \u00e0 Abidjan. Pour lui, toute action qui vise la protection, le bien-\u00eatre et la promotion des droits des enfants m\u00e9rite d\u2019\u00eatre soutenue. Car l\u2019enfant, a-t-il dit, a besoin \u00ab d\u2019amour \u00bb dans le cadre de son d\u00e9veloppement physique et spychique. C\u2019est pourquoi, la Suisse est le principal partenaire financier de ce projet d\u2019un co\u00fbt total de 115 millions Fcfa. Concr\u00e8tement, selon le pr\u00e9sident de l\u2019ONG N\u2019gboad\u00f4, Job Sodjinou, il s&rsquo;agira de construire une salle des m\u00e9tiers de la coiffure(\u00e9quip\u00e9e par un laboratoire suisse), une autre pour les m\u00e9tiers d\u2019artiste(chanteur, peintre, etc), une cuisine industrielle (boulangerie, p\u00e2tisserie) et un r\u00e9fectoire au sein de la MACA. \u00ab\u00a0D\u00e9j\u00e0 les travaux sont \u00e0 85% de r\u00e9alisation pour une remise de cl\u00e9 dans le courant du mois d&rsquo;octobre\u00a0\u00bb, a-t-il soulign\u00e9. Ces constructions serviront \u00e0 la formation des pensionnaires de la COM qui ont \u00e9mis le voeu d&rsquo;apprendre un m\u00e9tier pendant leur s\u00e9jour carc\u00e9ral. Une autre mani\u00e8re de leur donner une deuxi\u00e8me chance. Par ailleurs, Job Sodjinou a plaid\u00e9 aupr\u00e8s des journalistes et hommes de m\u00e9dia \u00e0 l&rsquo;accompagner dans ce projet en vue d\u2019apporter leur contribution \u00e0 la politique de r\u00e9insertion et resocialisation des enfants en conflit avec la loi dans notre pays. \u00ab Nous demandons \u00e0 toutes les bonnes volont\u00e9s : particulier, structures priv\u00e9s et publiques \u00e0 soutenir cette initiative \u00bb, a-t-il ajout\u00e9, indiquant qu\u2019il est pr\u00e9vu un programme d\u2019alphab\u00e9tisation \u00e0 l\u2019intention de ces mineurs. \u00ab Action 2 C\u0153urs \u00bb vise \u00e0 la r\u00e9insertion et resocialisation des enfants en conflit avec la loi en d\u00e9tention dans les prisons ivoiriennes, mais surtout leur permettre d\u2019avoir des meilleures conditions de vie pendant leur incarc\u00e9ration. Les artistes Nash et Kajeem(ambassadeurs), PrisK, des journalistes, bloggeurs\u2026accompagnent cette initiative. Ce projet est \u00e9galement soutenu par la sous-direction de l&rsquo;enfant et de la protection judiciaire, le FORDPCI (forum des directeurs de publication de C\u00f4te d\u2019Ivoire), le Ramade-CI, l\u2019Unjci, l&rsquo;Unicef, etc.<br \/>\nIzoudine Yousself<\/p>\n","protected":false},"excerpt":{"rendered":"<p>Les mineurs de la Maca bient\u00f4t form\u00e9s aux m\u00e9tiers d\u2019artistes, coiffeurs et p\u00e2tissiers L\u2019ONG N\u2019gboad\u00f4 b\u00e9n\u00e9ficie du soutien de la Suisse dans le cadre de son projet \u00ab Action 2 C\u0153urs \u00bb pour les enfants du centre d\u2019observation des mineurs (COM) de la maison d\u2019arr\u00eat et de correction d\u2019Abidjan(MACA). Thomas Litscher, ambassadeur de Suisse en [&hellip;]<\/p>\n","protected":false},"author":2,"featured_media":2091,"comment_status":"closed","ping_status":"closed","sticky":false,"template":"","format":"standard","meta":{"footnotes":""},"categories":[24],"tags":[],"class_list":["post-2089","post","type-post","status-publish","format-standard","has-post-thumbnail","hentry","category-societe"],"_links":{"self":[{"href":"https:\/\/www.infoline.ci\/index.php?rest_route=\/wp\/v2\/posts\/2089","targetHints":{"allow":["GET"]}}],"collection":[{"href":"https:\/\/www.infoline.ci\/index.php?rest_route=\/wp\/v2\/posts"}],"about":[{"href":"https:\/\/www.infoline.ci\/index.php?rest_route=\/wp\/v2\/types\/post"}],"author":[{"embeddable":true,"href":"https:\/\/www.infoline.ci\/index.php?rest_route=\/wp\/v2\/users\/2"}],"replies":[{"embeddable":true,"href":"https:\/\/www.infoline.ci\/index.php?rest_route=%2Fwp%2Fv2%2Fcomments&post=2089"}],"version-history":[{"count":1,"href":"https:\/\/www.infoline.ci\/index.php?rest_route=\/wp\/v2\/posts\/2089\/revisions"}],"predecessor-version":[{"id":2092,"href":"https:\/\/www.infoline.ci\/index.php?rest_route=\/wp\/v2\/posts\/2089\/revisions\/2092"}],"wp:featuredmedia":[{"embeddable":true,"href":"https:\/\/www.infoline.ci\/index.php?rest_route=\/wp\/v2\/media\/2091"}],"wp:attachment":[{"href":"https:\/\/www.infoline.ci\/index.php?rest_route=%2Fwp%2Fv2%2Fmedia&parent=2089"}],"wp:term":[{"taxonomy":"category","embeddable":true,"href":"https:\/\/www.infoline.ci\/index.php?rest_route=%2Fwp%2Fv2%2Fcategories&post=2089"},{"taxonomy":"post_tag","embeddable":true,"href":"https:\/\/www.infoline.ci\/index.php?rest_route=%2Fwp%2Fv2%2Ftags&post=2089"}],"curies":[{"name":"wp","href":"https:\/\/api.w.org\/{rel}","templated":true}]}}