{"id":1902,"date":"2018-06-22T18:54:32","date_gmt":"2018-06-22T18:54:32","guid":{"rendered":"http:\/\/www.infoline.ci\/?p=1902"},"modified":"2018-06-22T18:54:32","modified_gmt":"2018-06-22T18:54:32","slug":"municipales-sassandra-les-populations-contestent-le-choix-du-candidat-tete-de-liste-rdr-et-menaces","status":"publish","type":"post","link":"https:\/\/www.infoline.ci\/?p=1902","title":{"rendered":"Municipales Sassandra : les populations contestent le choix du candidat t\u00eate de liste RDR et menaces"},"content":{"rendered":"<p>Municipales Sassandra : les populations contestent le choix du candidat t\u00eate de liste RDR et menaces<\/p>\n<p>Les \u00e9lections municipales qui s\u2019annoncent dans la ville de Sassandra (Sud-Ouest, r\u00e9gion du Gb\u00f4kl\u00e8) laisse entrevoir de la fum\u00e9e \u00e0 l\u2019horizon. Pour preuve, les populations de ladite ville contestent le choix du candidat t\u00eate de liste RDR et menace de pr\u00e9senter un candidat ind\u00e9pendant si Sangar\u00e9 Zi\u00e8 L\u00e9onard, cadre de la r\u00e9gion, Secr\u00e9taire d\u00e9partemental du RDR de Sassandra et par ailleurs 1er adjoint au maire, leur choix, n\u2019est pas accept\u00e9 comme candidat aux \u00e9lections municipale \u00e0 venir. C\u2019est la d\u00e9claration faite par l\u2019envoy\u00e9 des chefs des communaut\u00e9s de la ville de Sassandra, Clai Ferdinand, Secr\u00e9taire d\u00e9partemental adjoint charg\u00e9 des Structures de Sassandra, le mercredi 13 juin dernier au cours d\u2019une conf\u00e9rence de presse. Selon le Secr\u00e9taire d\u00e9partemental adjoint, sa d\u00e9marche vise \u00e0 informer la haute Direction du RDR sur le m\u00e9contentement des populations mais aussi les militants du parti face \u00e0 la candidature de l\u2019Honorable Traor\u00e9 Issouf, d\u00e9put\u00e9 de Bako \u00ab parachut\u00e9 \u00bb aux municipales dans la ville de Sassandra, qui est certes natif de la ville, mais n\u2019a aucune poigne politique dans la commune \u00ab aucune ma\u00eetrise du terrain \u00bb, dit-il avant d\u2019interpeller la direction du parti, \u00ab Si notre parti ne veux pas perdre ces \u00e9lections, il faut qu\u2019il porte leur choix sur le candidat Sangar\u00e9 Zi\u00e9 L\u00e9onard, cadre du RDR qui fait l&rsquo;unanimit\u00e9 au sein des populations. C\u2019est pourquoi j\u2019interpelle ma haute direction \u00bb, a-t-il martel\u00e9. En quelque ann\u00e9e poursuit-il \u00ab notre parti est pass\u00e9 de 218 militants en 2014 \u00e0 6812 militants fich\u00e9s et r\u00e9pertori\u00e9s dans notre base de donn\u00e9es aujourd\u2019hui gr\u00e2ce au travail remarquable entrepris par secr\u00e9taire d\u00e9partemental, Sangar\u00e9 Zi\u00e9 \u00bb, a expliqu\u00e9 Clai Ferdinand.<\/p>\n<p>Le ministre Mathieu Darret BABAUD, au cours d\u2019une rencontre avec les militants et sympathisants de Sassandra donne les raisons du choix de la basse<br \/>\nA l\u2019occasion de la tourn\u00e9e de sensibilisation et de l\u2019information sur l\u2019accord politique d\u00e9nomm\u00e9 &lt;&gt; et l\u2019enr\u00f4lement sur la liste \u00e9lectorale des nouveaux majeurs, samedi dernier dans la ville de Sassandra, le ministre Darret BABAUD, vice-Pr\u00e9sident du RDR charg\u00e9 des R\u00e9gions du Haut-Sassandra et de la Marahou\u00e9 s\u2019est prononc\u00e9 sur la question du choix de la base pour les \u00e9lections municipales \u00e0 venir dans ladite ville. Selon le ministre Darret, c\u2019est l\u2019incapacit\u00e9 des militants \u00e0 s\u2019accorder sur un leader (candidat) qui fait qu\u2019aujourd\u2019hui la d\u00e9cision est entre les mains du parti. A l\u2019en croire le RHDP n\u2019a pas encore choisit son candidat et que cela ne serai tard\u00e9. \u00ab Il y\u2019a plusieurs candidat qui ont soumis leur candidature \u00e0 la direction du RHDP, donc c\u2019est cette coalition politique qui vas choisir parmi eux qui va porter le flambeau de Sassandra \u00bb, a-t-il insist\u00e9 avant d\u2019invit\u00e9 les populations de Sassandra \u00e0 s\u2019inscrire massivement sur la liste \u00e9lectorale pour permettre au RHDP d\u2019avoir une base \u00e9lectorale tr\u00e8s \u00e9largie afin de remporter les prochaines \u00e9ch\u00e9ances \u00e9lectorales.<\/p>\n<p>Ciss Toum<\/p>\n","protected":false},"excerpt":{"rendered":"<p>Municipales Sassandra : les populations contestent le choix du candidat t\u00eate de liste RDR et menaces Les \u00e9lections municipales qui s\u2019annoncent dans la ville de Sassandra (Sud-Ouest, r\u00e9gion du Gb\u00f4kl\u00e8) laisse entrevoir de la fum\u00e9e \u00e0 l\u2019horizon. Pour preuve, les populations de ladite ville contestent le choix du candidat t\u00eate de liste RDR et menace [&hellip;]<\/p>\n","protected":false},"author":2,"featured_media":1903,"comment_status":"open","ping_status":"open","sticky":false,"template":"","format":"standard","meta":{"footnotes":""},"categories":[2,23],"tags":[],"class_list":["post-1902","post","type-post","status-publish","format-standard","has-post-thumbnail","hentry","category-nos-une","category-politique"],"_links":{"self":[{"href":"https:\/\/www.infoline.ci\/index.php?rest_route=\/wp\/v2\/posts\/1902","targetHints":{"allow":["GET"]}}],"collection":[{"href":"https:\/\/www.infoline.ci\/index.php?rest_route=\/wp\/v2\/posts"}],"about":[{"href":"https:\/\/www.infoline.ci\/index.php?rest_route=\/wp\/v2\/types\/post"}],"author":[{"embeddable":true,"href":"https:\/\/www.infoline.ci\/index.php?rest_route=\/wp\/v2\/users\/2"}],"replies":[{"embeddable":true,"href":"https:\/\/www.infoline.ci\/index.php?rest_route=%2Fwp%2Fv2%2Fcomments&post=1902"}],"version-history":[{"count":1,"href":"https:\/\/www.infoline.ci\/index.php?rest_route=\/wp\/v2\/posts\/1902\/revisions"}],"predecessor-version":[{"id":1904,"href":"https:\/\/www.infoline.ci\/index.php?rest_route=\/wp\/v2\/posts\/1902\/revisions\/1904"}],"wp:featuredmedia":[{"embeddable":true,"href":"https:\/\/www.infoline.ci\/index.php?rest_route=\/wp\/v2\/media\/1903"}],"wp:attachment":[{"href":"https:\/\/www.infoline.ci\/index.php?rest_route=%2Fwp%2Fv2%2Fmedia&parent=1902"}],"wp:term":[{"taxonomy":"category","embeddable":true,"href":"https:\/\/www.infoline.ci\/index.php?rest_route=%2Fwp%2Fv2%2Fcategories&post=1902"},{"taxonomy":"post_tag","embeddable":true,"href":"https:\/\/www.infoline.ci\/index.php?rest_route=%2Fwp%2Fv2%2Ftags&post=1902"}],"curies":[{"name":"wp","href":"https:\/\/api.w.org\/{rel}","templated":true}]}}