{"id":17700,"date":"2026-03-27T12:04:33","date_gmt":"2026-03-27T12:04:33","guid":{"rendered":"https:\/\/www.infoline.ci\/?p=17700"},"modified":"2026-03-27T12:04:33","modified_gmt":"2026-03-27T12:04:33","slug":"potentiel-competences-et-emplois-le-role-cle-des-jeunes-femmes-dans-le-changement-en-afrique-de-louest-et-du-centre","status":"publish","type":"post","link":"https:\/\/www.infoline.ci\/?p=17700","title":{"rendered":"Potentiel, comp\u00e9tences et emplois : le r\u00f4le cl\u00e9 des jeunes femmes dans le changement en Afrique de l\u2019Ouest et du centre"},"content":{"rendered":"<div>\n<figure class=\"wp-block-image aligncenter size-full is-resized\"><img fetchpriority=\"high\" decoding=\"async\" width=\"780\" height=\"439\" src=\"https:\/\/africanmediaagency.com\/wp-content\/uploads\/2026\/03\/young-women-powering-change-western-and-central-africa-1.webp\" alt=\"\" class=\"wp-image-118068\" style=\"aspect-ratio:1.776820439179082;width:404px;height:auto\" srcset=\"https:\/\/africanmediaagency.com\/wp-content\/uploads\/2026\/03\/young-women-powering-change-western-and-central-africa-1.webp 780w, https:\/\/africanmediaagency.com\/wp-content\/uploads\/2026\/03\/young-women-powering-change-western-and-central-africa-1-300x169.webp 300w, https:\/\/africanmediaagency.com\/wp-content\/uploads\/2026\/03\/young-women-powering-change-western-and-central-africa-1-768x432.webp 768w\" sizes=\"(max-width: 780px) 100vw, 780px\"><figcaption class=\"wp-element-caption\"><em>Des jeunes femmes suivent une formation au Tchad. Cr\u00e9dit : Miguel San Joaquin.<\/em><\/figcaption><\/figure>\n<p class=\"wp-block-paragraph\">Washington, USA, 27 Mars 2026-\/African Media Agency(AMA)\/- Lorsque l\u2019on \u00e9voque devant vous l\u2019Afrique subsaharienne et les jeunes femmes qui y vivent, que vous vient-il \u00e0 l\u2019esprit ?<\/p>\n<p class=\"wp-block-paragraph\">Que bon nombre d\u2019entre elles sont m\u00e8res. Que beaucoup travaillent sans rel\u00e2che. Et que la plupart d\u2019entre elles constituent l\u2019\u00e9pine dorsale \u00e9motionnelle et concr\u00e8te de leur foyer et de leur communaut\u00e9.<\/p>\n<p class=\"wp-block-paragraph\">Mais la situation est aussi en train de se modifier. De plus en plus d\u2019entre elles terminent leurs \u00e9tudes secondaires, s\u2019inscrivent \u00e0 l\u2019universit\u00e9, obtiennent de meilleurs emplois et font carri\u00e8re en dehors de la maison. Ce r\u00e9cit n\u2019a pas toujours pr\u00e9valu en Afrique de l\u2019Ouest et du centre : aujourd\u2019hui encore, pr\u00e8s de 40 % des jeunes femmes ne b\u00e9n\u00e9ficient pas d\u2019une scolarisation, d\u2019une formation, ou d\u2019un emploi.<\/p>\n<p class=\"has-medium-font-size wp-block-paragraph\"><strong>Relier les possibilit\u00e9s d\u2019apprentissage et de comp\u00e9tences \u00e0 l\u2019acc\u00e8s \u00e0 l\u2019emploi et \u00e0 de r\u00e9elles perspectives \u00e9conomiques pour environ 3 millions de femmes<\/strong><\/p>\n<p class=\"wp-block-paragraph\">Le projet pour l\u2019autonomisation des femmes et le dividende d\u00e9mographique en Afrique subsaharienne (connu sous le nom de SWEDD+) soutient ce changement de trajectoire.<\/p>\n<p class=\"wp-block-paragraph\">S\u2019appuyant sur le projet SWEDD lanc\u00e9 au Sahel en 2015, l\u2019initiative SWEDD\/SWEDD+ a touch\u00e9 pr\u00e8s de 3 millions de femmes et d\u2019adolescentes en reliant les possibilit\u00e9s d\u2019apprentissage et de comp\u00e9tences \u00e0 de v\u00e9ritables parcours \u00e9conomiques et \u00e0 l\u2019acc\u00e8s aux services de sant\u00e9 maternelle et infantile. Environ 255 000 d\u2019entre elles ont acquis des comp\u00e9tences pratiques et int\u00e9gr\u00e9 le march\u00e9 du travail en toute confiance gr\u00e2ce aux activit\u00e9s d\u2019autonomisation \u00e9conomique pr\u00e9vues par le programme. Le SWEDD+ \u00e9largit la participation et le leadership des femmes et des filles tout en renfor\u00e7ant les capacit\u00e9s institutionnelles en faveur de l\u2019\u00e9galit\u00e9 des droits pour les femmes dans toute la r\u00e9gion.<\/p>\n<p class=\"wp-block-paragraph\">Les parcours individuels des femmes, qui couvrent des domaines allant de m\u00e9tiers sp\u00e9cialis\u00e9s \u00e0 des professions de sant\u00e9, en passant par l\u2019entrepreneuriat, montrent ce qui devient possible lorsque le talent rencontre l\u2019acc\u00e8s aux opportunit\u00e9s.<\/p>\n<p class=\"wp-block-paragraph\"><em><strong>\u00ab\u00a0Maintenant, nous sommes motiv\u00e9es et nous gagnons de l\u2019argent pour subvenir aux besoins de nos familles. Nous sommes heureuses d\u2019apporter l\u2019\u00e9nergie solaire aux villages.\u00a0\u00bb<\/strong><\/em> Ang\u00e9lique, B\u00e9nin.<\/p>\n<figure class=\"wp-block-image aligncenter size-full is-resized\"><img loading=\"lazy\" decoding=\"async\" width=\"780\" height=\"439\" src=\"https:\/\/africanmediaagency.com\/wp-content\/uploads\/2026\/03\/young-women-powering-change-western-and-central-africa-2.webp\" alt=\"\" class=\"wp-image-118071\" style=\"aspect-ratio:1.7768240343347639;width:444px;height:auto\" srcset=\"https:\/\/africanmediaagency.com\/wp-content\/uploads\/2026\/03\/young-women-powering-change-western-and-central-africa-2.webp 780w, https:\/\/africanmediaagency.com\/wp-content\/uploads\/2026\/03\/young-women-powering-change-western-and-central-africa-2-300x169.webp 300w, https:\/\/africanmediaagency.com\/wp-content\/uploads\/2026\/03\/young-women-powering-change-western-and-central-africa-2-768x432.webp 768w\" sizes=\"auto, (max-width: 780px) 100vw, 780px\"><figcaption class=\"wp-element-caption\"><em>Ang\u00e9lique et Odette au travail. Cr\u00e9dit : Miguel San Joaquin.<\/em><\/figcaption><\/figure>\n<p class=\"wp-block-paragraph\">Ang\u00e9lique et Odette, originaires du B\u00e9nin, ont quitt\u00e9 l\u2019\u00e9cole en cinqui\u00e8me et quatri\u00e8me ann\u00e9e lorsque leurs familles n\u2019ont plus pu payer les frais de scolarit\u00e9. Aujourd\u2019hui, leur parcours est tr\u00e8s diff\u00e9rent. Gr\u00e2ce au SWEDD, les deux jeunes femmes ont pu se former \u00e0 une activit\u00e9 \u00e9conomique non traditionnelle : l\u2019\u00e9lectrification de b\u00e2timents et l\u2019installation de panneaux solaires photovolta\u00efques. Elles ont d\u00e9sormais un meilleur emploi et travaillent depuis plus de deux ans avec une entreprise priv\u00e9e qui installe des panneaux solaires. La fiert\u00e9 dans leurs voix est indubitable. \u00ab Maintenant, nous sommes motiv\u00e9es et nous gagnons de l\u2019argent pour subvenir aux besoins de nos familles \u00bb, explique Ang\u00e9lique. \u00ab Nous sommes heureuses d\u2019apporter l\u2019\u00e9nergie solaire aux villages. \u00bb<\/p>\n<p class=\"wp-block-paragraph\">Quitter l\u2019\u00e9cole pour des raisons financi\u00e8res est encore une r\u00e9alit\u00e9 courante en Afrique de l\u2019Ouest et du centre. Harmelle, \u00e9galement originaire du B\u00e9nin, a d\u00fb abandonner ses \u00e9tudes \u00e0 l\u2019\u00e2ge de 14 ans. Elle se marie peu de temps apr\u00e8s et devient m\u00e8re, mais lorsque son mari meurt deux ans plus tard, elle se retrouve dans une situation financi\u00e8re pr\u00e9caire. Un tournant s\u2019op\u00e8re lorsqu\u2019elle et sa s\u0153ur jumelle s\u2019inscrivent \u00e0 un programme d\u2019entrepreneuriat du SWEDD offrant une formation et un kit de d\u00e9marrage pour un \u00e9levage d\u2019escargots. Avec ce programme, est venu quelque chose de tout aussi important : la tranquillit\u00e9 d\u2019esprit. \u00ab Quand j\u2019ai d\u00e9marr\u00e9 l\u2019\u00e9levage, il y a eu quelques difficult\u00e9s, se souvient-elle, mais ensuite nous avons commenc\u00e9 \u00e0 gagner de l\u2019argent, et tout le monde s\u2019en est mieux sorti.<\/p>\n<figure class=\"wp-block-image aligncenter size-full is-resized\"><img loading=\"lazy\" decoding=\"async\" width=\"780\" height=\"439\" src=\"https:\/\/africanmediaagency.com\/wp-content\/uploads\/2026\/03\/young-women-powering-change-western-and-central-africa-3.webp\" alt=\"\" class=\"wp-image-118073\" style=\"width:405px;height:auto\" srcset=\"https:\/\/africanmediaagency.com\/wp-content\/uploads\/2026\/03\/young-women-powering-change-western-and-central-africa-3.webp 780w, https:\/\/africanmediaagency.com\/wp-content\/uploads\/2026\/03\/young-women-powering-change-western-and-central-africa-3-300x169.webp 300w, https:\/\/africanmediaagency.com\/wp-content\/uploads\/2026\/03\/young-women-powering-change-western-and-central-africa-3-768x432.webp 768w\" sizes=\"auto, (max-width: 780px) 100vw, 780px\"><figcaption class=\"wp-element-caption\"><em>Harmelle et sa s\u0153ur jumelle. Cr\u00e9dit : Miguel San Joaquin.<\/em><\/figcaption><\/figure>\n<p class=\"wp-block-paragraph\">Au Tchad, Djogoita s\u2019est inspir\u00e9e de son p\u00e8re, policier, pour trouver sa propre voie au service de sa communaut\u00e9. Elle a choisi la profession de sage-femme et ce r\u00f4le lui a donn\u00e9 \u00e0 la fois un but et la confiance en elle. \u00ab Quand on m\u2019am\u00e8ne une femme enceinte ou un enfant de 0 \u00e0 14 ans, je peux les aider avec les connaissances que j\u2019ai acquises lors de ma formation \u00bb, explique-t-elle avec la grande satisfaction d\u2019avoir un m\u00e9tier \u00e9panouissant.<\/p>\n<figure class=\"wp-block-image aligncenter size-full is-resized\"><img loading=\"lazy\" decoding=\"async\" width=\"780\" height=\"439\" src=\"https:\/\/africanmediaagency.com\/wp-content\/uploads\/2026\/03\/young-women-powering-change-western-and-central-africa-4.webp\" alt=\"\" class=\"wp-image-118075\" style=\"width:358px;height:auto\" srcset=\"https:\/\/africanmediaagency.com\/wp-content\/uploads\/2026\/03\/young-women-powering-change-western-and-central-africa-4.webp 780w, https:\/\/africanmediaagency.com\/wp-content\/uploads\/2026\/03\/young-women-powering-change-western-and-central-africa-4-300x169.webp 300w, https:\/\/africanmediaagency.com\/wp-content\/uploads\/2026\/03\/young-women-powering-change-western-and-central-africa-4-768x432.webp 768w\" sizes=\"auto, (max-width: 780px) 100vw, 780px\"><figcaption class=\"wp-element-caption\"><em>Djogoita et son p\u00e8re. Cr\u00e9dit : Miguel San Joaquin.<\/em><\/figcaption><\/figure>\n<p class=\"has-medium-font-size wp-block-paragraph\"><strong>Investir dans les femmes : l\u2019un des paris \u00e9conomiques les plus intelligents pour alimenter les \u00e9conomies locales<\/strong><\/p>\n<p class=\"wp-block-paragraph\">A travers l\u2019Afrique de l\u2019Ouest et du centre, la transformation est en cours. Avec des comp\u00e9tences, un soutien et des opportunit\u00e9s appropri\u00e9s, une nouvelle g\u00e9n\u00e9ration de femmes et de filles non seulement accroissent leur propre ind\u00e9pendance \u00e9conomique, mais alimentent les \u00e9conomies locales et r\u00e9investissent dans leurs familles et leurs communaut\u00e9s. La le\u00e7on est claire : lorsqu\u2019on donne aux jeunes femmes les outils n\u00e9cessaires pour r\u00e9ussir, les retomb\u00e9es d\u00e9passent largement le cadre individuel. Investir dans les femmes et les filles n\u2019est pas seulement la bonne chose \u00e0 faire ; c\u2019est l\u2019un des paris \u00e9conomiques les plus intelligents que la r\u00e9gion puisse faire.<\/p>\n<p class=\"wp-block-paragraph\">La cr\u00e9ation d\u2019emplois plus nombreux et de meilleure qualit\u00e9 dans la r\u00e9gion est au c\u0153ur de la mission du Groupe de la Banque mondiale. En dotant les jeunes femmes de comp\u00e9tences pertinentes et en les mettant en relation avec de v\u00e9ritables d\u00e9bouch\u00e9s \u00e9conomiques, des programmes comme le SWEDD\/SWEDD+ contribuent directement \u00e0 la r\u00e9alisation de cet objectif : transformer le potentiel humain en emplois productifs qui alimentent une croissance inclusive et durable.<\/p>\n<p class=\"wp-block-paragraph\">En ce mois international des femmes, les histoires d\u2019Ang\u00e9lique, Odette, Harmelle et Djogoita nous rappellent que l\u2019avenir de la croissance et de la r\u00e9silience de la r\u00e9gion se dessine d\u00e9j\u00e0 : une jeune femme \u00e0 la fois, qualifi\u00e9e, employ\u00e9e et habilit\u00e9e \u00e0 conduire le changement dans sa communaut\u00e9.<\/p>\n<p class=\"wp-block-paragraph\"><em>Distribu\u00e9 par\u00a0<\/em><a href=\"https:\/\/africanmediaagency.com\/\" target=\"_blank\" rel=\"noreferrer noopener\">African Media Agency (AMA)<\/a><em>\u00a0pour La Banque Mondiale<\/em><\/p>\n<p>The post <a href=\"https:\/\/africanmediaagency.com\/potentiel-competences-et-emplois-le-role-cle-des-jeunes-femmes-dans-le-changement-en-afrique-de-louest-et-du-centre\/?lang=fr\">Potentiel, comp\u00e9tences et emplois : le r\u00f4le cl\u00e9 des jeunes femmes dans le changement en Afrique de l\u2019Ouest et du centre<\/a> appeared first on <a href=\"https:\/\/africanmediaagency.com\/?lang=fr\">African Media Agency<\/a>.<\/p>\n<\/div>\n","protected":false},"excerpt":{"rendered":"<p>Des jeunes femmes suivent une formation au Tchad. Cr\u00e9dit : Miguel San Joaquin. Washington, USA, 27 Mars 2026-\/African Media Agency(AMA)\/- Lorsque l\u2019on \u00e9voque devant vous l\u2019Afrique subsaharienne et les jeunes femmes qui y vivent, que vous vient-il \u00e0 l\u2019esprit ? Que bon nombre d\u2019entre elles sont m\u00e8res. Que beaucoup travaillent sans rel\u00e2che. Et que la [&hellip;]<\/p>\n","protected":false},"author":96739694,"featured_media":0,"comment_status":"closed","ping_status":"closed","sticky":false,"template":"","format":"standard","meta":{"footnotes":""},"categories":[34],"tags":[],"class_list":["post-17700","post","type-post","status-publish","format-standard","hentry","category-ama"],"_links":{"self":[{"href":"https:\/\/www.infoline.ci\/index.php?rest_route=\/wp\/v2\/posts\/17700","targetHints":{"allow":["GET"]}}],"collection":[{"href":"https:\/\/www.infoline.ci\/index.php?rest_route=\/wp\/v2\/posts"}],"about":[{"href":"https:\/\/www.infoline.ci\/index.php?rest_route=\/wp\/v2\/types\/post"}],"author":[{"embeddable":true,"href":"https:\/\/www.infoline.ci\/index.php?rest_route=\/wp\/v2\/users\/96739694"}],"replies":[{"embeddable":true,"href":"https:\/\/www.infoline.ci\/index.php?rest_route=%2Fwp%2Fv2%2Fcomments&post=17700"}],"version-history":[{"count":0,"href":"https:\/\/www.infoline.ci\/index.php?rest_route=\/wp\/v2\/posts\/17700\/revisions"}],"wp:attachment":[{"href":"https:\/\/www.infoline.ci\/index.php?rest_route=%2Fwp%2Fv2%2Fmedia&parent=17700"}],"wp:term":[{"taxonomy":"category","embeddable":true,"href":"https:\/\/www.infoline.ci\/index.php?rest_route=%2Fwp%2Fv2%2Fcategories&post=17700"},{"taxonomy":"post_tag","embeddable":true,"href":"https:\/\/www.infoline.ci\/index.php?rest_route=%2Fwp%2Fv2%2Ftags&post=17700"}],"curies":[{"name":"wp","href":"https:\/\/api.w.org\/{rel}","templated":true}]}}