{"id":17699,"date":"2026-03-26T12:05:50","date_gmt":"2026-03-26T12:05:50","guid":{"rendered":"https:\/\/www.infoline.ci\/?p=17699"},"modified":"2026-03-26T12:05:50","modified_gmt":"2026-03-26T12:05:50","slug":"les-poids-lourds-de-la-creation-en-afrique-sunissent-pour-faconner-un-recit-continental-plus-fort-a-lechelle-mondiale","status":"publish","type":"post","link":"https:\/\/www.infoline.ci\/?p=17699","title":{"rendered":"Les poids lourds de la cr\u00e9ation en Afrique s\u2019unissent pour fa\u00e7onner un r\u00e9cit continental plus fort \u00e0 l\u2019\u00e9chelle mondiale"},"content":{"rendered":"<div>\n<p class=\"has-text-align-center wp-block-paragraph\"><em>Opportunity Africa lance un Conseil Cr\u00e9atif panafricain soutenu par des leaders de premier plan dans les domaines de la communication, des m\u00e9dias et des marques<\/em><\/p>\n<figure class=\"wp-block-image aligncenter size-full is-resized\"><img fetchpriority=\"high\" decoding=\"async\" width=\"1081\" height=\"1351\" src=\"https:\/\/africanmediaagency.com\/wp-content\/uploads\/2026\/03\/unnamed-25.jpg\" alt=\"\" class=\"wp-image-118052\" style=\"aspect-ratio:0.8001500281302745;width:315px;height:auto\"><\/figure>\n<p class=\"wp-block-paragraph\">ADDIS ABEBA, \u00c9thiopie, 26 mars 2026 -\/African Media Agency(AMA)\/ \u2013 Conform\u00e9ment \u00e0 l\u2019Agenda 2063, l\u2019initiative Opportunity Africa a lanc\u00e9 son Conseil Cr\u00e9atif, r\u00e9unissant les plus grands dirigeants africains de la communication, des m\u00e9dias et du marketing pour promouvoir un r\u00e9cit qui contribue \u00e0 la construction de \u00ab L\u2019Afrique que nous voulons \u00bb.<\/p>\n<p class=\"wp-block-paragraph\">Il s\u2019agit d\u2019une plateforme et d\u2019un mouvement panafricains con\u00e7us pour changer la perception du monde sur l\u2019Afrique et la vision que l\u2019Afrique a d\u2019elle-m\u00eame, en mettant en avant les personnes, les r\u00e9cits et les institutions qui font d\u00e9j\u00e0 bouger les lignes. C\u2019est un espace commun autour duquel les marques, les institutions et les narrateurs peuvent s\u2019aligner pour porter une histoire de l\u2019Afrique plus forte et plus unifi\u00e9e.<\/p>\n<p class=\"wp-block-paragraph\">\u00c0 une \u00e9poque o\u00f9 l\u2019ordre mondial change et o\u00f9 la concurrence pour le capital, l\u2019influence et l\u2019attention s\u2019intensifie, la perception compte autant que les faits. Pour l\u2019Afrique, l\u2019image n\u2019est plus une question secondaire. C\u2019est un enjeu strat\u00e9gique. Le Conseil Cr\u00e9atif a \u00e9t\u00e9 cr\u00e9\u00e9 pour garantir que l\u2019Afrique soit d\u00e9finie par ceux qui la b\u00e2tissent.<\/p>\n<p class=\"wp-block-paragraph\">Le Conseil r\u00e9unit des cadres sup\u00e9rieurs ayant fa\u00e7onn\u00e9 des r\u00e9cits aux niveaux national, r\u00e9gional et mondial. Leur r\u00f4le est de guider la direction cr\u00e9ative de l\u2019initiative, de la connecter \u00e0 leurs r\u00e9seaux \u00e0 l\u2019\u00e9chelle du continent et de veiller \u00e0 ce qu\u2019elle reste cr\u00e9dible, pertinente et culturellement adapt\u00e9e \u00e0 chaque march\u00e9.<\/p>\n<p class=\"wp-block-paragraph\">\u00ab C\u2019est exactement le type de collaboration dont l\u2019Afrique a besoin pour fa\u00e7onner un r\u00e9cit qui refl\u00e8te nos aspirations dans le cadre de l\u2019Agenda 2063 et b\u00e2tit l\u2019Afrique que nous voulons. Conform\u00e9ment au mandat de la Direction de l\u2019information et de la communication de la Commission de l\u2019Union africaine, ce travail renforcera la mani\u00e8re dont nous communiquons sur les priorit\u00e9s de l\u2019Union et amplifiera la voix de l\u2019Afrique. Nous encourageons davantage de partenaires \u00e0 rejoindre ce mouvement croissant \u00bb, a d\u00e9clar\u00e9 Faith Adhiambo, responsable de la communication, Agenda 2063, Union africaine.<\/p>\n<p class=\"wp-block-paragraph\">\u00ab C\u2019est un privil\u00e8ge pour Africa No Filter de servir de secr\u00e9tariat et d\u2019aider \u00e0 piloter ce projet. Il est sans pr\u00e9c\u00e9dent de voir un tel niveau d\u2019expertise et de collaboration s\u2019unir pour construire l\u2019infrastructure narrative dont l\u2019Afrique a besoin afin de red\u00e9finir l\u2019image du continent \u00bb, a ajout\u00e9 Moky Makura, Directrice ex\u00e9cutive d\u2019Africa No Filter et copr\u00e9sidente du Conseil.<\/p>\n<p class=\"wp-block-paragraph\">Les membres fondateurs du Conseil Cr\u00e9atif comprennent des dirigeants de TRACE, Africa Practice, l\u2019Union africaine, Brand South Africa, IC Publications, Alpha Media Holdings, X3M Ideas et d\u2019autres institutions de premier plan \u00e0 travers le continent.<\/p>\n<p class=\"wp-block-paragraph\">Veuillez visionner la vid\u00e9o de la campagne <a href=\"https:\/\/6m7wsbqab.cc.rs6.net\/tn.jsp?f=001lW2dy5Nme0W8IOOzZhXGL4vQhuPl3dJNTdK4gOuePnRvmmpyh1KCNH3xgxmXHRz-zyxcNcTWsVvvo6-DbzHTTXXhBmOKZiintRybcAwOViEYUetBKrZqMxpNEYY3LTyW8V55v0daLuUinlgpQilKWvkQDf_Z4nuNRBgTqRxl0p9FTzzNMHn-M1pEGveajGdyvIYZ5VepHCJwfdUq1a-YRVfCVGP59NkZdKt5FncIe0xn_tYgV5KaZoJznH7jka01iz7J36Wk8QasLqpUYPjou7QfFhhLUoNuoL6jbDYNOgYMJLdsKpNvGmE1CSheb3aZRxxS5UCPqvrxAg8DP2iaERrBw0RLMdCiNqIVP77wuU2KP_SXIw-QKnvxZx-UXCG8mwrqv1h9iiSAYy8Kr-b02cVwDqaqI9_1ob61UAS06jI1UdYpuQmURA_93muR_O08k12XdlHx7qUWYBxJsL9r0L18U3JphRvUGmeKyGmdQyJECK2lrmSbEo7HyHzT-hFIeTB3LedIyoVqHt_530ZmHzvdswGfIQ9X4j5Fbb5yrxRp7tiQQOBS6Zp3QScDg67v&amp;c=02RSEZYZfcfPQbKCQaUvWCH7HX4HizhrGpi-u8v-dv1lavBd_5OfWg==&amp;ch=9fPP4_xzAMRLykzGNnDaNt6fb9G9OEvNIjaCq2IahpROoeZRRsne8w==\" target=\"_blank\" rel=\"noreferrer noopener\">ici<\/a>.<\/p>\n<p class=\"wp-block-paragraph\"><em>Distribu\u00e9 par<\/em>\u00a0<a href=\"https:\/\/6m7wsbqab.cc.rs6.net\/tn.jsp?f=001lW2dy5Nme0W8IOOzZhXGL4vQhuPl3dJNTdK4gOuePnRvmmpyh1KCNMvVM7jOxHFYIa4J2AuBrkIbc7lSnj1P9bjE49OhO6dBXjK2Q0-VzYZNr3E-QSHi_bk6CBJwvIbEYBUQL2v8Zqq3_HCpGj2gnPaxvvkCJb5-KyutV03cKK4=&amp;c=02RSEZYZfcfPQbKCQaUvWCH7HX4HizhrGpi-u8v-dv1lavBd_5OfWg==&amp;ch=9fPP4_xzAMRLykzGNnDaNt6fb9G9OEvNIjaCq2IahpROoeZRRsne8w==\" target=\"_blank\" rel=\"noreferrer noopener\">African Media Agency (AMA)<\/a><em>\u00a0pour Africa No Filter<\/em><\/p>\n<p class=\"wp-block-paragraph\"><strong>\u00c0 propos d\u2019Opportunity Africa<br \/><\/strong>Opportunity Africa est un mouvement panafricain visant \u00e0 repositionner l\u2019Afrique comme un continent d\u2019opportunit\u00e9s, de progr\u00e8s, d\u2019innovation et de cr\u00e9ativit\u00e9. Initi\u00e9 par Africa No Filter, Brand Africa et des partenaires, dont l\u2019Union africaine, il rassemble des marques, des institutions, des narrateurs et des communaut\u00e9s afin de cr\u00e9er un \u00e9lan collectif autour d\u2019une narration de l\u2019Afrique plus confiante et centr\u00e9e sur les opportunit\u00e9s. <a href=\"http:\/\/www.opportunityafrica.africa\/\">www.opportunityafrica.africa<\/a><\/p>\n<p class=\"wp-block-paragraph\"><strong>\u00c0 propos d\u2019Africa No Filter<br \/><\/strong>Africa No Filter est une organisation de plaidoyer qui travaille \u00e0 transformer les r\u00e9cits st\u00e9r\u00e9otyp\u00e9s sur l\u2019Afrique et \u00e0 promouvoir une compr\u00e9hension plus \u00e9quilibr\u00e9e, dynamique et pr\u00e9cise du continent. Par le renforcement de sa communaut\u00e9 et ses actions de plaidoyer, elle aide les narrateurs \u00e0 raconter des histoires plus riches et nuanc\u00e9es qui refl\u00e8tent le progr\u00e8s, l\u2019engagement et le potentiel de l\u2019Afrique. Africa No Filter est un collectif de donateurs financ\u00e9 par la Fondation Ford, la Fondation Andrew W. Mellon, Luminate, la Fondation Hilton et la Fondation Hewlett. <a href=\"https:\/\/africanofilter.org\/\">www.africanofilter.org<\/a><\/p>\n<p class=\"wp-block-paragraph\"><strong>Membres du Conseil Cr\u00e9atif<br \/><\/strong>Addis Alemayehou \u2013 Pr\u00e9sident, Kazana Group ; Co-fondateur et CRO, Dodai<br \/>Adebola Williams \u2013 Co-fondateur, RED | For Africa<br \/>Leslie Richer \u2013 Directrice de l\u2019Information et de la Communication, Union Africaine<br \/>Faith Adhiambo \u2013 Charg\u00e9e de communication, Agenda 2063<br \/>Fareed Khimani \u2013 Conseiller en communication, Cabinet du Secr\u00e9taire d\u2019\u00c9tat, Minist\u00e8re de l\u2019Agriculture et du D\u00e9veloppement de l\u2019\u00c9levage, Kenya<br \/>Gina Din-Kariuki \u2013 Fondatrice et Pr\u00e9sidente ex\u00e9cutive, The Gina Din Group<br \/>Kwame Senou \u2013 Fondateur, The Holding Opinion (THOP)<br \/>Malik Shaffy Lizende \u2013 Fondateur, 63 Inc<br \/>Moky Makura \u2013 Directrice ex\u00e9cutive, Africa No Filter<br \/>Omar Ben Yedder \u2013 \u00c9diteur du groupe et Directeur g\u00e9n\u00e9ral, IC Publications<br \/>Richard Kiplagat \u2013 Conseiller principal en relations avec les parties prenantes, Africa Practice<br \/>Samuel Onyemelukwe \u2013 Directeur du d\u00e9veloppement commercial du groupe, TRACE<br \/>Sophie Masipa \u2013 PDG et strat\u00e8ge de marque<br \/>Steve Babaeko \u2013 Fondateur, X3M Ideas<br \/>Terhas Berhe \u2013 Fondatrice et Directrice g\u00e9n\u00e9rale, BrandComms<br \/>Thebe Ikalafeng \u2013 Fondateur, Brand Africa<br \/>Thoko Modise \u2013 Directrice g\u00e9n\u00e9rale de la communication, Brand South Africa<br \/>Tim Ekandjo \u2013 Responsable de la marque, du marketing, de la communication et de la durabilit\u00e9, MTC Namibia<br \/>Tola St. Matthew-Daniel \u2013 Fondatrice, Kairos &amp; Tola<br \/>Tosin Adefeko \u2013 Fondatrice et PDG, AT3 Resources<br \/>Trevor Ncube \u2013 Fondateur et Pr\u00e9sident, Alpha Media Holdings<\/p>\n<p>The post <a href=\"https:\/\/africanmediaagency.com\/les-poids-lourds-de-la-creation-en-afrique-sunissent-pour-faconner-un-recit-continental-plus-fort-a-lechelle-mondiale\/?lang=fr\">Les poids lourds de la cr\u00e9ation en Afrique s\u2019unissent pour fa\u00e7onner un r\u00e9cit continental plus fort \u00e0 l\u2019\u00e9chelle mondiale<\/a> appeared first on <a href=\"https:\/\/africanmediaagency.com\/?lang=fr\">African Media Agency<\/a>.<\/p>\n<\/div>\n","protected":false},"excerpt":{"rendered":"<p>Opportunity Africa lance un Conseil Cr\u00e9atif panafricain soutenu par des leaders de premier plan dans les domaines de la communication, des m\u00e9dias et des marques ADDIS ABEBA, \u00c9thiopie, 26 mars 2026 -\/African Media Agency(AMA)\/ \u2013 Conform\u00e9ment \u00e0 l\u2019Agenda 2063, l\u2019initiative Opportunity Africa a lanc\u00e9 son Conseil Cr\u00e9atif, r\u00e9unissant les plus grands dirigeants africains de la [&hellip;]<\/p>\n","protected":false},"author":96739694,"featured_media":0,"comment_status":"closed","ping_status":"closed","sticky":false,"template":"","format":"standard","meta":{"footnotes":""},"categories":[34],"tags":[],"class_list":["post-17699","post","type-post","status-publish","format-standard","hentry","category-ama"],"_links":{"self":[{"href":"https:\/\/www.infoline.ci\/index.php?rest_route=\/wp\/v2\/posts\/17699","targetHints":{"allow":["GET"]}}],"collection":[{"href":"https:\/\/www.infoline.ci\/index.php?rest_route=\/wp\/v2\/posts"}],"about":[{"href":"https:\/\/www.infoline.ci\/index.php?rest_route=\/wp\/v2\/types\/post"}],"author":[{"embeddable":true,"href":"https:\/\/www.infoline.ci\/index.php?rest_route=\/wp\/v2\/users\/96739694"}],"replies":[{"embeddable":true,"href":"https:\/\/www.infoline.ci\/index.php?rest_route=%2Fwp%2Fv2%2Fcomments&post=17699"}],"version-history":[{"count":0,"href":"https:\/\/www.infoline.ci\/index.php?rest_route=\/wp\/v2\/posts\/17699\/revisions"}],"wp:attachment":[{"href":"https:\/\/www.infoline.ci\/index.php?rest_route=%2Fwp%2Fv2%2Fmedia&parent=17699"}],"wp:term":[{"taxonomy":"category","embeddable":true,"href":"https:\/\/www.infoline.ci\/index.php?rest_route=%2Fwp%2Fv2%2Fcategories&post=17699"},{"taxonomy":"post_tag","embeddable":true,"href":"https:\/\/www.infoline.ci\/index.php?rest_route=%2Fwp%2Fv2%2Ftags&post=17699"}],"curies":[{"name":"wp","href":"https:\/\/api.w.org\/{rel}","templated":true}]}}