{"id":17698,"date":"2026-03-26T00:04:51","date_gmt":"2026-03-26T00:04:51","guid":{"rendered":"https:\/\/www.infoline.ci\/?p=17698"},"modified":"2026-03-26T00:04:51","modified_gmt":"2026-03-26T00:04:51","slug":"african-media-agency-remporte-le-prix-sabre-afrique-de-louest-avec-sa-campagne-sur-la-sante-mentale","status":"publish","type":"post","link":"https:\/\/www.infoline.ci\/?p=17698","title":{"rendered":"African Media Agency remporte le prix SABRE Afrique de l\u2019Ouest avec sa campagne sur la sant\u00e9 mentale"},"content":{"rendered":"<div>\n<figure class=\"wp-block-image aligncenter size-full is-resized\"><img fetchpriority=\"high\" decoding=\"async\" width=\"1200\" height=\"848\" src=\"https:\/\/africanmediaagency.com\/wp-content\/uploads\/2026\/03\/unnamed-23.jpg\" alt=\"\" class=\"wp-image-118033\" style=\"aspect-ratio:1.4151073767999778;width:393px;height:auto\"><\/figure>\n<p class=\"wp-block-paragraph\"><strong>ABIDJAN, C\u00f4te d\u2019Ivoire,<\/strong> 25 mars 2026 -\/African Media Agency(AMA)\/ \u2013 <a href=\"https:\/\/africanmediaagency.com\/\">African Media Agency (AMA)<\/a> a remport\u00e9 le prix Africa SABRE Awards 2026 dans la cat\u00e9gorie Afrique de l\u2019Ouest. La c\u00e9r\u00e9monie s\u2019est tenue le 17 mars au Venue Melrose Arch \u00e0 Johannesburg, en Afrique du Sud.<\/p>\n<p class=\"wp-block-paragraph\">Cette distinction r\u00e9compense la campagne de relations publiques \u00e0 fort impact men\u00e9e par l\u2019agence panafricaine bas\u00e9e \u00e0 Abidjan pour la Fondation Bluemind, une organisation de plaidoyer pour la sant\u00e9 mentale fond\u00e9e par Marie-Alix de Putter. Gr\u00e2ce \u00e0 un narratif strat\u00e9gique, AMA a transform\u00e9 l\u2019initiative \u00ab Heal by Hair \u00bb de Bluemind en un mouvement mondial, faisant des salons de coiffure africains des espaces d\u00e9di\u00e9s au bien-\u00eatre mental.<\/p>\n<p class=\"wp-block-paragraph\"><strong>La mission d\u2019AMA : porter une solution africaine de sant\u00e9 mentale \u00e0 l\u2019\u00e9chelle mondiale<br \/><\/strong>Alors que la crise de la sant\u00e9 mentale touche 13,9 % de la population mondiale, dont pr\u00e8s de 150 millions de personnes en Afrique, le travail d\u2019AMA autour de \u00ab Heal by Hair \u00bb a positionn\u00e9 la formation de coiffeuses en tant qu\u2019Ambassadrices certifi\u00e9es en sant\u00e9 mentale comme une solution n\u00e9e en Afrique, pouvant \u00eatre appliqu\u00e9e partout dans le monde.<\/p>\n<p class=\"wp-block-paragraph\">Cependant, pour atteindre l\u2019objectif de soutenir un million de femmes au Cameroun, en C\u00f4te d\u2019Ivoire et au Togo d\u2019ici \u00e0 2030, l\u2019initiative de Marie-Alix de Putter n\u00e9cessitait un changement strat\u00e9gique : passer d\u2019une action locale de terrain \u00e0 un mouvement visible \u00e0 l\u2019\u00e9chelle continentale. Cette ambition a fix\u00e9 \u00e0 AMA des objectifs \u00e9lev\u00e9s en mati\u00e8re de visibilit\u00e9 mondiale et de reconnaissance m\u00e9diatique internationale, contribuant ainsi \u00e0 permettre \u00e0 la Fondation Bluemind de s\u00e9curiser les financements et les cadres strat\u00e9giques n\u00e9cessaires \u00e0 une expansion durable en Afrique et au-del\u00e0.<\/p>\n<figure class=\"wp-block-image aligncenter size-full is-resized\"><img loading=\"lazy\" decoding=\"async\" width=\"1024\" height=\"739\" src=\"https:\/\/africanmediaagency.com\/wp-content\/uploads\/2026\/03\/unnamed-24.jpg\" alt=\"\" class=\"wp-image-118035\" style=\"width:447px;height:auto\"><\/figure>\n<p class=\"wp-block-paragraph\"><strong>Visibilit\u00e9 et impact<br \/><\/strong>En s\u2019appuyant exclusivement sur les m\u00e9dias non payants, AMA a r\u00e9ussi \u00e0 renforcer la cr\u00e9dibilit\u00e9 et la visibilit\u00e9 de la Fondation Bluemind aupr\u00e8s des bailleurs, partenaires et d\u00e9cideurs, avec une couverture g\u00e9n\u00e9rant environ 353 millions de vues \u00e0 travers le monde.<\/p>\n<p class=\"wp-block-paragraph\"><strong>Partenariats et impact sur le financement<br \/><\/strong>\u00ab Pour faire bouger les lignes en mati\u00e8re de financement pour la Fondation Bluemind, il ne suffisait pas d\u2019obtenir de la visibilit\u00e9 m\u00e9diatique. Il fallait d\u00e9montrer une compr\u00e9hension approfondie du secteur de la sant\u00e9 mentale et des besoins sp\u00e9cifiques des femmes dans ces march\u00e9s \u00bb, a expliqu\u00e9 <strong>Eloine Barry, fondatrice et Directrice G\u00e9n\u00e9rale d\u2019African Media Agency.<\/strong><\/p>\n<p class=\"wp-block-paragraph\">\u00ab Il \u00e9tait essentiel pour notre agence de s\u2019appuyer sur son expertise en Afrique francophone. Cette exp\u00e9rience r\u00e9gionale a \u00e9t\u00e9 un levier strat\u00e9gique pour aligner la vision de Bluemind avec les attentes r\u00e9elles des partenaires internationaux. Pour nous, il ne s\u2019agissait pas seulement de faire la une, mais de construire une cr\u00e9dibilit\u00e9 capable de transformer une histoire en engagement durable des bailleurs, afin qu\u2019une solution africaine de sant\u00e9 mentale puisse se d\u00e9velopper \u00e0 l\u2019\u00e9chelle mondiale. \u00bb<\/p>\n<p class=\"wp-block-paragraph\">En effet, l\u2019effet cumulatif de cette forte exposition m\u00e9diatique a permis \u00e0 la Fondation Bluemind d\u2019\u00e9tablir des partenariats solides avec 27 organisations et institutions, dont les minist\u00e8res de la Sant\u00e9 du Togo et de la C\u00f4te d\u2019Ivoire, Innovations for Poverty Action (IPA), ainsi que des chercheurs du DIAL \u2013 Universit\u00e9 Paris-Saclay et de l\u2019Universit\u00e9 Santa Clara, pour mener une \u00e9valuation rigoureuse de l\u2019efficacit\u00e9 du programme.<\/p>\n<p class=\"wp-block-paragraph\">Par ailleurs, le Fonds pour l\u2019Innovation en d\u00e9veloppement (FID) a renouvel\u00e9 son soutien \u00e0 la Fondation Bluemind avec un financement de phase 2, permettant une \u00e9valuation d\u2019impact \u00e0 plus grande \u00e9chelle au Togo entre 2025 et 2027.<\/p>\n<p class=\"wp-block-paragraph\"><strong>Un impact mesurable sur les communaut\u00e9s<br \/><\/strong>Cette visibilit\u00e9 s\u2019est traduite par des r\u00e9sultats concrets avec notamment une augmentation de 104 % du nombre de coiffeuses form\u00e9es, une hausse de 180 % du nombre d\u2019ambassadrices certifi\u00e9es en sant\u00e9 mentale et environ 212 000 femmes touch\u00e9es directement.<\/p>\n<figure class=\"wp-block-image aligncenter size-full is-resized\"><img loading=\"lazy\" decoding=\"async\" width=\"1200\" height=\"1088\" src=\"https:\/\/africanmediaagency.com\/wp-content\/uploads\/2026\/03\/unnamed-12.png\" alt=\"\" class=\"wp-image-118037\" style=\"aspect-ratio:1.1029490963141682;width:382px;height:auto\"><\/figure>\n<p class=\"wp-block-paragraph\"><strong>Marie-Alix de Putter, fondatrice de la Fondation Bluemind, d\u00e9clare :<br \/><\/strong>\u00ab AMA a compris tr\u00e8s t\u00f4t que Heal by Hair n\u2019\u00e9tait pas simplement une innovation, mais un changement de paradigme dans la mani\u00e8re d\u2019aborder la sant\u00e9 mentale et de promouvoir le bien-\u00eatre. Ils ont tenu ce niveau de narratif depuis notre lancement jusqu\u2019aux pages du New York Times, et \u00e0 tout ce qui s\u2019est pass\u00e9 entre les deux. Je leur suis reconnaissante pour leur intelligence, leur rigueur et leur engagement. \u00bb<\/p>\n<p class=\"wp-block-paragraph\"><em>Distribu\u00e9 par<\/em>\u00a0<a href=\"https:\/\/6m7wsbqab.cc.rs6.net\/tn.jsp?f=001JuNLy9dDJRptTkpbqxTePBLd-ccSgnw5NkJ7vWZs7UBekiSWNyUNw7mKO4bgjquUgrJFguvEox2-vohRza24qk1zpsfSzq2QAM67ywNjXdUUSfsRAGiVZfiErrfTKR_hC-rBef9LOh39tut66M9yPWzrUp2nhfLwlxNuSuT3Xqg=&amp;c=OIycZR3iHD3QV4HHYPR52t4v-RrlEtcyGaX48SuXQ2lGzExbBmVnLg==&amp;ch=gwCECXoijUZphdderWLcEyMK4I2MJdXW-YOnPdMh5r4MAVfsfQXzvQ==\" target=\"_blank\" rel=\"noreferrer noopener\">African Media Agency (AMA)<\/a><\/p>\n<p class=\"wp-block-paragraph\"><strong>\u00c0 propos d\u2019African Media Agency (AMA) (AMA)<br \/><\/strong><a href=\"https:\/\/africanmediaagency.com\/\">African Media Agency (AMA)<\/a> est une agence panafricaine d\u00e9tenue par des femmes et maintes fois prim\u00e9e, sp\u00e9cialis\u00e9e dans les communications strat\u00e9giques \u00e0 fort impact \u00e0 l\u2019\u00e9chelle mondiale. L\u2019agence est sp\u00e9cialis\u00e9e en gestion de r\u00e9putation, strat\u00e9gie digitale et production de contenus visant des r\u00e9sultats mesurables.<\/p>\n<p class=\"wp-block-paragraph\">L\u2019expertise d\u2019AMA couvre des secteurs tels que la finance, la sant\u00e9 et la technologie, ainsi que la cr\u00e9ation de r\u00e9cits percutants pour des publics vari\u00e9s. Bas\u00e9e \u00e0 Abidjan, l\u2019agence dispose de bureaux \u00e0 Accra, Johannesburg, Durban et New York, et est pr\u00e9sente dans plus de 30 march\u00e9s africains.<\/p>\n<p class=\"wp-block-paragraph\"><strong>Contact presse :<br \/><\/strong>Amy Minnie<br \/><a href=\"mailto:amy@africanmediaagency.com\">amy@africanmediaagency.com<\/a><\/p>\n<p>The post <a href=\"https:\/\/africanmediaagency.com\/african-media-agency-remporte-le-prix-sabre-afrique-de-louest-avec-sa-campagne-sur-la-sante-mentale\/?lang=fr\">African Media Agency remporte le prix SABRE Afrique de l\u2019Ouest avec sa campagne sur la sant\u00e9 mentale<\/a> appeared first on <a href=\"https:\/\/africanmediaagency.com\/?lang=fr\">African Media Agency<\/a>.<\/p>\n<\/div>\n","protected":false},"excerpt":{"rendered":"<p>ABIDJAN, C\u00f4te d\u2019Ivoire, 25 mars 2026 -\/African Media Agency(AMA)\/ \u2013 African Media Agency (AMA) a remport\u00e9 le prix Africa SABRE Awards 2026 dans la cat\u00e9gorie Afrique de l\u2019Ouest. La c\u00e9r\u00e9monie s\u2019est tenue le 17 mars au Venue Melrose Arch \u00e0 Johannesburg, en Afrique du Sud. Cette distinction r\u00e9compense la campagne de relations publiques \u00e0 fort [&hellip;]<\/p>\n","protected":false},"author":96739694,"featured_media":0,"comment_status":"closed","ping_status":"closed","sticky":false,"template":"","format":"standard","meta":{"footnotes":""},"categories":[34],"tags":[],"class_list":["post-17698","post","type-post","status-publish","format-standard","hentry","category-ama"],"_links":{"self":[{"href":"https:\/\/www.infoline.ci\/index.php?rest_route=\/wp\/v2\/posts\/17698","targetHints":{"allow":["GET"]}}],"collection":[{"href":"https:\/\/www.infoline.ci\/index.php?rest_route=\/wp\/v2\/posts"}],"about":[{"href":"https:\/\/www.infoline.ci\/index.php?rest_route=\/wp\/v2\/types\/post"}],"author":[{"embeddable":true,"href":"https:\/\/www.infoline.ci\/index.php?rest_route=\/wp\/v2\/users\/96739694"}],"replies":[{"embeddable":true,"href":"https:\/\/www.infoline.ci\/index.php?rest_route=%2Fwp%2Fv2%2Fcomments&post=17698"}],"version-history":[{"count":0,"href":"https:\/\/www.infoline.ci\/index.php?rest_route=\/wp\/v2\/posts\/17698\/revisions"}],"wp:attachment":[{"href":"https:\/\/www.infoline.ci\/index.php?rest_route=%2Fwp%2Fv2%2Fmedia&parent=17698"}],"wp:term":[{"taxonomy":"category","embeddable":true,"href":"https:\/\/www.infoline.ci\/index.php?rest_route=%2Fwp%2Fv2%2Fcategories&post=17698"},{"taxonomy":"post_tag","embeddable":true,"href":"https:\/\/www.infoline.ci\/index.php?rest_route=%2Fwp%2Fv2%2Ftags&post=17698"}],"curies":[{"name":"wp","href":"https:\/\/api.w.org\/{rel}","templated":true}]}}