{"id":17577,"date":"2026-02-23T09:25:57","date_gmt":"2026-02-23T09:25:57","guid":{"rendered":"https:\/\/www.infoline.ci\/?p=17577"},"modified":"2026-02-23T09:28:14","modified_gmt":"2026-02-23T09:28:14","slug":"duekoue-affrontements-communautaires-meurtriers-a-bagohouo","status":"publish","type":"post","link":"https:\/\/www.infoline.ci\/?p=17577","title":{"rendered":"Du\u00e9kou\u00e9 : affrontements communautaires meurtriers \u00e0 Bagohouo"},"content":{"rendered":"\n<p>Un violent affrontement communautaire a \u00e9clat\u00e9 \u00e0 Bagohouo, localit\u00e9 de Du\u00e9kou\u00e9, entre des jeunes autochtones gu\u00e9r\u00e9 et des ressortissants maliens. <\/p>\n\n\n\n<p>Le bilan provisoire fait \u00e9tat d\u2019un mort, plusieurs bless\u00e9s et de lourds d\u00e9g\u00e2ts mat\u00e9riels. <\/p>\n\n\n\n<p> Origine du conflit<\/p>\n\n\n\n<p>Selon le sous-pr\u00e9fet de Bagohouo, Foul\u00e9 Marius Kouam\u00e9, tout serait parti d\u2019un diff\u00e9rend entre deux jeunes des communaut\u00e9s gu\u00e9r\u00e9 et malienne. Balli\u00e9 Jocelyn, un jeune gu\u00e9r\u00e9, aurait tent\u00e9 de mettre aux arr\u00eats une moto appartenant \u00e0 un Malien.<\/p>\n\n\n\n<p> La dispute a d\u00e9g\u00e9n\u00e9r\u00e9 en bagarre. <\/p>\n\n\n\n<p> Des membres de la communaut\u00e9 malienne, venus d\u00e9fendre leur compatriote, ont violemment pris \u00e0 partie le jeune autochtone, le frappant \u00e0 l\u2019aide de bois. Transport\u00e9 d\u2019urgence \u00e0 l\u2019h\u00f4pital de Nidrou, il a succomb\u00e9 \u00e0 ses blessures le lendemain matin. <\/p>\n\n\n\n<p> Riposte et repr\u00e9sailles <\/p>\n\n\n\n<p>La mort de Balli\u00e9 Jocelyn a provoqu\u00e9 une r\u00e9action imm\u00e9diate de la communaut\u00e9 villageoise. Des repr\u00e9sailles cibl\u00e9es ont \u00e9t\u00e9 men\u00e9es contre les proches des jeunes malink\u00e9s impliqu\u00e9s dans le conflit.<\/p>\n\n\n\n<p>Au total, 26 maisons ainsi que des champs de caf\u00e9, cacao, ma\u00efs et riz ont \u00e9t\u00e9 incendi\u00e9s.<\/p>\n\n\n\n<p> Intervention des autorit\u00e9s <\/p>\n\n\n\n<p>Alert\u00e9s, le sous-pr\u00e9fet et le chef du village, Dj\u00e9hi Lessiehi \u00c9tienne, ont sollicit\u00e9 l\u2019intervention de la gendarmerie pour contenir les violences. Vingt-trois personnes ont \u00e9t\u00e9 interpell\u00e9es afin de faire la lumi\u00e8re sur cette affaire. <\/p>\n\n\n\n<p>Le chef du village, visiblement surpris par l\u2019ampleur des \u00e9v\u00e9nements, a d\u00e9clar\u00e9 : \u00ab Je n\u2019\u00e9tais au courant de rien. Je n\u2019ai fait que constater les d\u00e9g\u00e2ts. \u00bb Une situation pr\u00e9occupante <\/p>\n\n\n\n<p>Ces affrontements rappellent la fragilit\u00e9 du tissu social dans certaines localit\u00e9s de l\u2019Ouest ivoirien, o\u00f9 les tensions communautaires peuvent rapidement d\u00e9g\u00e9n\u00e9rer. Les autorit\u00e9s locales appellent \u00e0 l\u2019apaisement et \u00e0 la coh\u00e9sion pour \u00e9viter de nouvelles violences. <\/p>\n\n\n\n<p>Guy Lambert<\/p>\n\n\n\n<figure class=\"wp-block-gallery has-nested-images columns-default is-cropped wp-block-gallery-1 is-layout-flex wp-block-gallery-is-layout-flex\">\n<figure class=\"wp-block-image size-large\"><img loading=\"lazy\" decoding=\"async\" width=\"533\" height=\"300\" data-id=\"17579\" src=\"https:\/\/www.infoline.ci\/wp-content\/uploads\/2026\/02\/1000045071.jpg\" alt=\"\" class=\"wp-image-17579\" srcset=\"https:\/\/www.infoline.ci\/wp-content\/uploads\/2026\/02\/1000045071.jpg 533w, https:\/\/www.infoline.ci\/wp-content\/uploads\/2026\/02\/1000045071-300x169.jpg 300w\" sizes=\"auto, (max-width: 533px) 100vw, 533px\" \/><\/figure>\n\n\n\n<figure class=\"wp-block-image size-large\"><img loading=\"lazy\" decoding=\"async\" width=\"533\" height=\"300\" data-id=\"17580\" src=\"https:\/\/www.infoline.ci\/wp-content\/uploads\/2026\/02\/1000045072.jpg\" alt=\"\" class=\"wp-image-17580\" srcset=\"https:\/\/www.infoline.ci\/wp-content\/uploads\/2026\/02\/1000045072.jpg 533w, https:\/\/www.infoline.ci\/wp-content\/uploads\/2026\/02\/1000045072-300x169.jpg 300w\" sizes=\"auto, (max-width: 533px) 100vw, 533px\" \/><\/figure>\n\n\n\n<figure class=\"wp-block-image size-large\"><img loading=\"lazy\" decoding=\"async\" width=\"700\" height=\"370\" data-id=\"17581\" src=\"https:\/\/www.infoline.ci\/wp-content\/uploads\/2026\/02\/1000045070.jpg\" alt=\"\" class=\"wp-image-17581\" srcset=\"https:\/\/www.infoline.ci\/wp-content\/uploads\/2026\/02\/1000045070.jpg 700w, https:\/\/www.infoline.ci\/wp-content\/uploads\/2026\/02\/1000045070-300x159.jpg 300w, https:\/\/www.infoline.ci\/wp-content\/uploads\/2026\/02\/1000045070-696x368.jpg 696w\" sizes=\"auto, (max-width: 700px) 100vw, 700px\" \/><\/figure>\n<\/figure>\n","protected":false},"excerpt":{"rendered":"<p>Un violent affrontement communautaire a \u00e9clat\u00e9 \u00e0 Bagohouo, localit\u00e9 de Du\u00e9kou\u00e9, entre des jeunes autochtones gu\u00e9r\u00e9 et des ressortissants maliens. Le bilan provisoire fait \u00e9tat d\u2019un mort, plusieurs bless\u00e9s et de lourds d\u00e9g\u00e2ts mat\u00e9riels. Origine du conflit Selon le sous-pr\u00e9fet de Bagohouo, Foul\u00e9 Marius Kouam\u00e9, tout serait parti d\u2019un diff\u00e9rend entre deux jeunes des communaut\u00e9s [&hellip;]<\/p>\n","protected":false},"author":2,"featured_media":17578,"comment_status":"open","ping_status":"open","sticky":false,"template":"","format":"standard","meta":{"footnotes":""},"categories":[24],"tags":[],"class_list":["post-17577","post","type-post","status-publish","format-standard","has-post-thumbnail","hentry","category-societe"],"_links":{"self":[{"href":"https:\/\/www.infoline.ci\/index.php?rest_route=\/wp\/v2\/posts\/17577","targetHints":{"allow":["GET"]}}],"collection":[{"href":"https:\/\/www.infoline.ci\/index.php?rest_route=\/wp\/v2\/posts"}],"about":[{"href":"https:\/\/www.infoline.ci\/index.php?rest_route=\/wp\/v2\/types\/post"}],"author":[{"embeddable":true,"href":"https:\/\/www.infoline.ci\/index.php?rest_route=\/wp\/v2\/users\/2"}],"replies":[{"embeddable":true,"href":"https:\/\/www.infoline.ci\/index.php?rest_route=%2Fwp%2Fv2%2Fcomments&post=17577"}],"version-history":[{"count":3,"href":"https:\/\/www.infoline.ci\/index.php?rest_route=\/wp\/v2\/posts\/17577\/revisions"}],"predecessor-version":[{"id":17585,"href":"https:\/\/www.infoline.ci\/index.php?rest_route=\/wp\/v2\/posts\/17577\/revisions\/17585"}],"wp:featuredmedia":[{"embeddable":true,"href":"https:\/\/www.infoline.ci\/index.php?rest_route=\/wp\/v2\/media\/17578"}],"wp:attachment":[{"href":"https:\/\/www.infoline.ci\/index.php?rest_route=%2Fwp%2Fv2%2Fmedia&parent=17577"}],"wp:term":[{"taxonomy":"category","embeddable":true,"href":"https:\/\/www.infoline.ci\/index.php?rest_route=%2Fwp%2Fv2%2Fcategories&post=17577"},{"taxonomy":"post_tag","embeddable":true,"href":"https:\/\/www.infoline.ci\/index.php?rest_route=%2Fwp%2Fv2%2Ftags&post=17577"}],"curies":[{"name":"wp","href":"https:\/\/api.w.org\/{rel}","templated":true}]}}