{"id":17412,"date":"2026-02-18T07:07:55","date_gmt":"2026-02-18T07:07:55","guid":{"rendered":"https:\/\/www.infoline.ci\/?p=17412"},"modified":"2026-02-18T07:13:24","modified_gmt":"2026-02-18T07:13:24","slug":"journee-mondiale-de-la-radio-le-gouvernement-reaffirme-son-engagement-pour-la-transition-numerique","status":"publish","type":"post","link":"https:\/\/www.infoline.ci\/?p=17412","title":{"rendered":"Journ\u00e9e mondiale de la Radio : le Gouvernement r\u00e9affirme son engagement pour la transition num\u00e9rique"},"content":{"rendered":"\n<p>\u00c0 l&rsquo;occasion de la 15\u1d49 \u00e9dition de la Journ\u00e9e mondiale de la Radio, c\u00e9l\u00e9br\u00e9e le mardi 17 f\u00e9vrier 2026 \u00e0 la Maison de la Presse au Plateau, le Gouvernement ivoirien a r\u00e9affirm\u00e9 son engagement \u00e0 accompagner la transition num\u00e9rique dans le secteur des m\u00e9dias, face aux d\u00e9fis et opportunit\u00e9s li\u00e9s \u00e0 l\u2019intelligence artificielle. S\u2019exprimant au nom du ministre de la Communication, Amadou Coulibaly, le Conseiller technique Abdoulaye Kouyat\u00e9 a soulign\u00e9 la volont\u00e9 des autorit\u00e9s de soutenir particuli\u00e8rement le secteur de la Radio, afin de lui permettre de s\u2019adapter aux mutations technologiques et de renforcer son r\u00f4le dans la soci\u00e9t\u00e9. Cette c\u00e9l\u00e9bration a \u00e9t\u00e9 l\u2019occasion de rappeler l\u2019importance de la Radio comme outil de proximit\u00e9, de diversit\u00e9 culturelle et de coh\u00e9sion sociale, tout en ouvrant la voie \u00e0 une modernisation port\u00e9e par l\u2019innovation num\u00e9rique.<\/p>\n\n\n\n<p>Mombohi Carlo<\/p>\n","protected":false},"excerpt":{"rendered":"<p>\u00c0 l&rsquo;occasion de la 15\u1d49 \u00e9dition de la Journ\u00e9e mondiale de la Radio, c\u00e9l\u00e9br\u00e9e le mardi 17 f\u00e9vrier 2026 \u00e0 la Maison de la Presse au Plateau, le Gouvernement ivoirien a r\u00e9affirm\u00e9 son engagement \u00e0 accompagner la transition num\u00e9rique dans le secteur des m\u00e9dias, face aux d\u00e9fis et opportunit\u00e9s li\u00e9s \u00e0 l\u2019intelligence artificielle. S\u2019exprimant au [&hellip;]<\/p>\n","protected":false},"author":2,"featured_media":17413,"comment_status":"open","ping_status":"open","sticky":false,"template":"","format":"standard","meta":{"footnotes":""},"categories":[24],"tags":[],"class_list":["post-17412","post","type-post","status-publish","format-standard","has-post-thumbnail","hentry","category-societe"],"_links":{"self":[{"href":"https:\/\/www.infoline.ci\/index.php?rest_route=\/wp\/v2\/posts\/17412","targetHints":{"allow":["GET"]}}],"collection":[{"href":"https:\/\/www.infoline.ci\/index.php?rest_route=\/wp\/v2\/posts"}],"about":[{"href":"https:\/\/www.infoline.ci\/index.php?rest_route=\/wp\/v2\/types\/post"}],"author":[{"embeddable":true,"href":"https:\/\/www.infoline.ci\/index.php?rest_route=\/wp\/v2\/users\/2"}],"replies":[{"embeddable":true,"href":"https:\/\/www.infoline.ci\/index.php?rest_route=%2Fwp%2Fv2%2Fcomments&post=17412"}],"version-history":[{"count":2,"href":"https:\/\/www.infoline.ci\/index.php?rest_route=\/wp\/v2\/posts\/17412\/revisions"}],"predecessor-version":[{"id":17415,"href":"https:\/\/www.infoline.ci\/index.php?rest_route=\/wp\/v2\/posts\/17412\/revisions\/17415"}],"wp:featuredmedia":[{"embeddable":true,"href":"https:\/\/www.infoline.ci\/index.php?rest_route=\/wp\/v2\/media\/17413"}],"wp:attachment":[{"href":"https:\/\/www.infoline.ci\/index.php?rest_route=%2Fwp%2Fv2%2Fmedia&parent=17412"}],"wp:term":[{"taxonomy":"category","embeddable":true,"href":"https:\/\/www.infoline.ci\/index.php?rest_route=%2Fwp%2Fv2%2Fcategories&post=17412"},{"taxonomy":"post_tag","embeddable":true,"href":"https:\/\/www.infoline.ci\/index.php?rest_route=%2Fwp%2Fv2%2Ftags&post=17412"}],"curies":[{"name":"wp","href":"https:\/\/api.w.org\/{rel}","templated":true}]}}