{"id":17368,"date":"2026-01-29T12:04:44","date_gmt":"2026-01-29T12:04:44","guid":{"rendered":"http:\/\/www.infoline.ci\/?p=17368"},"modified":"2026-01-29T12:04:44","modified_gmt":"2026-01-29T12:04:44","slug":"rdc-forcee-de-choisir-ses-priorites-lonu-lance-un-appel-de-fonds-de-14-milliard-de-dollars","status":"publish","type":"post","link":"https:\/\/www.infoline.ci\/?p=17368","title":{"rendered":"RDC : forc\u00e9e de choisir ses priorit\u00e9s, l\u2019ONU lance un appel de fonds de 1,4 milliard de dollars"},"content":{"rendered":"<div>\n<figure class=\"wp-block-image aligncenter size-large is-resized\"><img fetchpriority=\"high\" decoding=\"async\" width=\"1024\" height=\"463\" src=\"https:\/\/africanmediaagency.com\/wp-content\/uploads\/2026\/01\/image1170x530cropped-2-1024x463.jpg\" alt=\"\" class=\"wp-image-117577\" style=\"width:527px;height:auto\" srcset=\"https:\/\/africanmediaagency.com\/wp-content\/uploads\/2026\/01\/image1170x530cropped-2-1024x463.jpg 1024w, https:\/\/africanmediaagency.com\/wp-content\/uploads\/2026\/01\/image1170x530cropped-2-300x136.jpg 300w, https:\/\/africanmediaagency.com\/wp-content\/uploads\/2026\/01\/image1170x530cropped-2-768x348.jpg 768w, https:\/\/africanmediaagency.com\/wp-content\/uploads\/2026\/01\/image1170x530cropped-2.jpg 1171w\" sizes=\"(max-width: 1024px) 100vw, 1024px\"><figcaption class=\"wp-element-caption\">\u00a9 <strong>PAM\/Musa Abema <\/strong><em>Des familles d\u00e9plac\u00e9es au Sud-Kivu, en R\u00e9publique d\u00e9mocratique du Congo. re\u00e7oivent de l\u2019aide (photo d\u2019archives).<\/em><\/figcaption><\/figure>\n<p class=\"wp-block-paragraph\">New York, USA, 29 Janvier 2026-\/African Media Agency(AMA)\/-La R\u00e9publique d\u00e9mocratique du Congo (RDC) et la communaut\u00e9 humanitaire ont lanc\u00e9, ce mardi \u00e0 Kinshasa, un appel de fonds de 1,4 milliard de dollars pour r\u00e9pondre aux besoins vitaux de millions de Congolais, notamment dans l\u2019est du pays.<\/p>\n<p class=\"wp-block-paragraph\">Alors que pr\u00e8s de 15 millions de personnes sont en d\u00e9tresse, les fonds risquent de manquer, contraignant l\u2019ONU et ses partenaires \u00e0 concentrer leur assistance sur les 7,3 millions les plus vuln\u00e9rables.<\/p>\n<p class=\"wp-block-paragraph\">\u00ab La combinaison de besoins immenses et de ressources limit\u00e9es nous impose des choix extr\u00eamement difficiles, parfois impossibles \u00bb, a d\u00e9clar\u00e9 Bruno Lemarquis, Coordonnateur humanitaire des Nations Unies en RDC.<\/p>\n<p class=\"wp-block-paragraph\">Selon le Bureau de coordination des affaires humanitaires de l\u2019ONU (<a href=\"https:\/\/www.unocha.org\/\">OCHA<\/a>), il s\u2019agit d\u2019une r\u00e9duction drastique qui concentre les efforts sur ceux et celles qui sont confront\u00e9s aux menaces les plus imm\u00e9diates pour leur survie. Le plan de r\u00e9ponse de cette ann\u00e9e se concentre ainsi exclusivement sur les zones affect\u00e9es par trois chocs majeurs, \u00e0 savoir les conflits, al\u00e9as climatiques et \u00e9pid\u00e9mies. Il couvre 228 zones de sant\u00e9, contre 332 en 2025.<\/p>\n<p class=\"wp-block-paragraph\">Cette r\u00e9duction drastique des zones couvertes par le plan de r\u00e9ponse s\u2019inscrit dans un contexte humanitaire d\u00e9j\u00e0 profond\u00e9ment boulevers\u00e9, particuli\u00e8rement dans l\u2019est du pays, o\u00f9 la situation a continu\u00e9 de se d\u00e9t\u00e9riorer depuis janvier 2025. La RDC traverse une crise aigu\u00eb, nourrie par la persistance des conflits arm\u00e9s, des d\u00e9placements massifs, des chocs climatiques et des \u00e9pid\u00e9mies r\u00e9currentes.<\/p>\n<figure class=\"wp-block-image aligncenter size-full is-resized\"><img loading=\"lazy\" decoding=\"async\" width=\"1024\" height=\"682\" src=\"https:\/\/africanmediaagency.com\/wp-content\/uploads\/2026\/01\/image1024x768-2.jpg\" alt=\"\" class=\"wp-image-117579\" style=\"aspect-ratio:1.5014840543100727;width:563px;height:auto\" srcset=\"https:\/\/africanmediaagency.com\/wp-content\/uploads\/2026\/01\/image1024x768-2.jpg 1024w, https:\/\/africanmediaagency.com\/wp-content\/uploads\/2026\/01\/image1024x768-2-300x200.jpg 300w, https:\/\/africanmediaagency.com\/wp-content\/uploads\/2026\/01\/image1024x768-2-768x512.jpg 768w\" sizes=\"auto, (max-width: 1024px) 100vw, 1024px\"><figcaption class=\"wp-element-caption\">\u00a9 <strong>PAM\/Arete\/Fredrik Lerneryd<\/strong> <em>Un enfant souffrant de malnutrition passe un examen m\u00e9dical de routine \u00e0 Kalemie, en R\u00e9publique d\u00e9mocratique du Congo<\/em><\/figcaption><\/figure>\n<p class=\"wp-block-paragraph\"><strong>1.000 centres de nutrition ferm\u00e9s<\/strong><\/p>\n<p class=\"wp-block-paragraph\">Cette crise est exacerb\u00e9e par des affrontements incessants au Nord-Kivu, au Sud-Kivu et en Ituri, qui ont non seulement modifi\u00e9 les besoins sur le terrain mais ont \u00e9galement perturb\u00e9 les cha\u00eenes d\u2019approvisionnement, rendant l\u2019acc\u00e8s aux populations plus difficile et dangereux que jamais dans la partie orientale de ce pays.<\/p>\n<p class=\"wp-block-paragraph\">Parall\u00e8lement, le d\u00e9ficit de financement est venu aggraver cette situation complexe, puisque seulement 24 % des besoins du plan de r\u00e9ponse 2025 de 2,54 milliards de dollars ont \u00e9t\u00e9 couverts l\u2019ann\u00e9e derni\u00e8re, limitant ainsi la capacit\u00e9 des acteurs humanitaires \u00e0 fournir l\u2019aide essentielle et \u00e0 prot\u00e9ger les populations vuln\u00e9rables.<\/p>\n<p class=\"wp-block-paragraph\">L\u2019ann\u00e9e 2025 a d\u00e9j\u00e0 montr\u00e9 les cons\u00e9quences dramatiques du sous-financement. Par exemple, au cours de l\u2019ann\u00e9e, la r\u00e9duction des capacit\u00e9s op\u00e9rationnelles a conduit \u00e0 la fermeture de plus de 1.000 centres de nutrition, privant ainsi plus de 390.000 enfants souffrant de malnutrition aigu\u00eb s\u00e9v\u00e8re d\u2019une prise en charge essentielle.<\/p>\n<p class=\"wp-block-paragraph\">Environ 1,5 million de personnes ont perdu l\u2019acc\u00e8s aux soins de sant\u00e9 primaires en raison de la fermeture de structures, de ruptures de stock de m\u00e9dicaments vitaux et d\u2019une capacit\u00e9 r\u00e9duite de pr\u00e9vention et de r\u00e9ponse aux \u00e9pid\u00e9mies. Les cibles de l\u2019aide alimentaire mensuelle ont \u00e9t\u00e9 r\u00e9duites de pr\u00e8s de trois quarts, \u00ab exposant les populations les plus vuln\u00e9rables \u00e0 des risques accrus de faim et de privation \u00bb.<\/p>\n<figure class=\"wp-block-image aligncenter size-large is-resized\"><img loading=\"lazy\" decoding=\"async\" width=\"1024\" height=\"464\" src=\"https:\/\/africanmediaagency.com\/wp-content\/uploads\/2026\/01\/image1170x530cropped-1-1-1024x464.jpg\" alt=\"\" class=\"wp-image-117581\" style=\"width:492px;height:auto\" srcset=\"https:\/\/africanmediaagency.com\/wp-content\/uploads\/2026\/01\/image1170x530cropped-1-1-1024x464.jpg 1024w, https:\/\/africanmediaagency.com\/wp-content\/uploads\/2026\/01\/image1170x530cropped-1-1-300x136.jpg 300w, https:\/\/africanmediaagency.com\/wp-content\/uploads\/2026\/01\/image1170x530cropped-1-1-768x348.jpg 768w, https:\/\/africanmediaagency.com\/wp-content\/uploads\/2026\/01\/image1170x530cropped-1-1.jpg 1170w\" sizes=\"auto, (max-width: 1024px) 100vw, 1024px\"><figcaption class=\"wp-element-caption\">\u00a9 <strong>PAM\/Benjamin Anguandia <\/strong><em>Le PAM fournit une assistance alimentaire dans l\u2019est de la R\u00e9publique d\u00e9mocratique du Congo.<\/em><\/figcaption><\/figure>\n<p class=\"wp-block-paragraph\"><strong>Appel \u00e0 un changement de paradigme<\/strong><\/p>\n<p class=\"wp-block-paragraph\">Face \u00e0 la gravit\u00e9 de la situation, M. Lemarquis a appel\u00e9 \u00e0 un v\u00e9ritable changement de paradigme. Selon l\u2019ONU, on ne peut pas continuer \u00e0 agir comme avant. Une fa\u00e7on de rappeler que si l\u2019aide humanitaire est indispensable et sauve des vies, elle n\u2019est pas toutefois la solution aux probl\u00e8mes humanitaires.<\/p>\n<p class=\"wp-block-paragraph\">\u00ab Elle ne traite pas les causes profondes des crises. La meilleure r\u00e9ponse est celle qui r\u00e9duit durablement les besoins La qu\u00eate de la paix doit \u00eatre au centre de nos efforts. Les solutions sont avant tout politiques \u00bb, a insist\u00e9 le responsable onusien.<\/p>\n<p class=\"wp-block-paragraph\">Pour les Nations Unies, il est \u00e9galement essentiel de se d\u00e9partir \u00ab d\u2019une logique de r\u00e9action permanente \u00bb et d\u2019instaurer \u00ab une v\u00e9ritable culture d\u2019anticipation et de pr\u00e9vention \u00bb, tant en mati\u00e8re de conflit que de risques de catastrophe.<\/p>\n<p class=\"wp-block-paragraph\">Alors que les Nations Unies appellent \u00e0 une transformation radicale de la r\u00e9ponse humanitaire, la crise en RDC reste trop souvent ignor\u00e9e sur la sc\u00e8ne internationale. Toutefois, malgr\u00e9 cette n\u00e9gligence, l\u2019ONU estime que la communaut\u00e9 humanitaire continue de se mobiliser aux c\u00f4t\u00e9s du gouvernement congolais, bien que des efforts accrus et un financement plus cons\u00e9quent soient essentiels pour \u00e9largir et intensifier l\u2019aide.<\/p>\n<p class=\"wp-block-paragraph\"><em>Distribu\u00e9 par\u00a0<\/em><a href=\"https:\/\/www.africanmediaagency.com\/\" target=\"_blank\" rel=\"noreferrer noopener\">African Media Agency (AMA)<\/a><em>\u00a0pour l\u2019Organisation des Nations Unies<\/em><\/p>\n<p>The post <a href=\"https:\/\/africanmediaagency.com\/rdc-forcee-de-choisir-ses-priorites-lonu-lance-un-appel-de-fonds-de-14-milliard-de-dollars\/?lang=fr\">RDC : forc\u00e9e de choisir ses priorit\u00e9s, l\u2019ONU lance un appel de fonds de 1,4 milliard de dollars<\/a> appeared first on <a href=\"https:\/\/africanmediaagency.com\/?lang=fr\">African Media Agency<\/a>.<\/p>\n<\/div>\n","protected":false},"excerpt":{"rendered":"<p>\u00a9 PAM\/Musa Abema Des familles d\u00e9plac\u00e9es au Sud-Kivu, en R\u00e9publique d\u00e9mocratique du Congo. re\u00e7oivent de l\u2019aide (photo d\u2019archives). New York, USA, 29 Janvier 2026-\/African Media Agency(AMA)\/-La R\u00e9publique d\u00e9mocratique du Congo (RDC) et la communaut\u00e9 humanitaire ont lanc\u00e9, ce mardi \u00e0 Kinshasa, un appel de fonds de 1,4 milliard de dollars pour r\u00e9pondre aux besoins vitaux [&hellip;]<\/p>\n","protected":false},"author":96739694,"featured_media":0,"comment_status":"closed","ping_status":"closed","sticky":false,"template":"","format":"standard","meta":{"footnotes":""},"categories":[34],"tags":[],"class_list":["post-17368","post","type-post","status-publish","format-standard","hentry","category-ama"],"_links":{"self":[{"href":"https:\/\/www.infoline.ci\/index.php?rest_route=\/wp\/v2\/posts\/17368","targetHints":{"allow":["GET"]}}],"collection":[{"href":"https:\/\/www.infoline.ci\/index.php?rest_route=\/wp\/v2\/posts"}],"about":[{"href":"https:\/\/www.infoline.ci\/index.php?rest_route=\/wp\/v2\/types\/post"}],"author":[{"embeddable":true,"href":"https:\/\/www.infoline.ci\/index.php?rest_route=\/wp\/v2\/users\/96739694"}],"replies":[{"embeddable":true,"href":"https:\/\/www.infoline.ci\/index.php?rest_route=%2Fwp%2Fv2%2Fcomments&post=17368"}],"version-history":[{"count":0,"href":"https:\/\/www.infoline.ci\/index.php?rest_route=\/wp\/v2\/posts\/17368\/revisions"}],"wp:attachment":[{"href":"https:\/\/www.infoline.ci\/index.php?rest_route=%2Fwp%2Fv2%2Fmedia&parent=17368"}],"wp:term":[{"taxonomy":"category","embeddable":true,"href":"https:\/\/www.infoline.ci\/index.php?rest_route=%2Fwp%2Fv2%2Fcategories&post=17368"},{"taxonomy":"post_tag","embeddable":true,"href":"https:\/\/www.infoline.ci\/index.php?rest_route=%2Fwp%2Fv2%2Ftags&post=17368"}],"curies":[{"name":"wp","href":"https:\/\/api.w.org\/{rel}","templated":true}]}}