{"id":17145,"date":"2025-09-07T17:09:51","date_gmt":"2025-09-07T17:09:51","guid":{"rendered":"https:\/\/www.infoline.ci\/?p=17145"},"modified":"2025-09-07T17:23:17","modified_gmt":"2025-09-07T17:23:17","slug":"politique-me-linda-diplo-deleguee-departementale-du-pdci-rda-a-grand-bassam-vient-dannoncer-sa-demission-du-parti","status":"publish","type":"post","link":"https:\/\/www.infoline.ci\/?p=17145","title":{"rendered":"POLITIQUE \/ Me Linda Diplo, d\u00e9l\u00e9gu\u00e9e d\u00e9partementale du PDCI-RDA \u00e0 Grand-Bassam, vient d\u2019annoncer sa d\u00e9mission du parti"},"content":{"rendered":"\n<p>Grand-Bassam, C\u00f4te d\u2019Ivoire \u2013 Ce week-end, un vent de stupeur a souffl\u00e9 sur le si\u00e8ge du PDCI-RDA \u00e0 Grand-Bassam. <\/p>\n\n\n\n<p>Me Linda Diplo, figure embl\u00e9matique et cadre influente du parti, a annonc\u00e9 sa d\u00e9mission lors d\u2019une rencontre express qu\u2019elle a elle-m\u00eame convoqu\u00e9e, \u00e0 proximit\u00e9 de la gendarmerie. <\/p>\n\n\n\n<p>Dans une simple d\u00e9claration , l\u2019ex-d\u00e9l\u00e9gu\u00e9e d\u00e9partementale a exprim\u00e9 sa gratitude envers ses camarades pour leur soutien ind\u00e9fectible et leur engagement militant. Elle a salu\u00e9 \u00ab la mobilisation croissante autour des activit\u00e9s du parti \u00bb, tout en pr\u00e9cisant qu\u2019elle ne souhaitait pas entrer dans les d\u00e9tails de son d\u00e9part . Je reste la m\u00eame personne, fid\u00e8le \u00e0 mes convictions et \u00e0 mes valeurs \u00bb, a-t-elle affirm\u00e9, laissant entrevoir une volont\u00e9 de poursuivre son engagement sous une autre forme.<\/p>\n\n\n\n<p>Un signal fort \u00e0 l\u2019approche des \u00e9ch\u00e9ances \u00e9lectorales Ce d\u00e9part inattendu intervient dans un contexte politique tendu, \u00e0 quelques mois de la pr\u00e9sidentielle d\u2019octobre 2025. <\/p>\n\n\n\n<p>Me Diplo, qui avait r\u00e9cemment appel\u00e9 les militants \u00e0 s\u2019approprier la vision du pr\u00e9sident Tidjane Thiam, incarnait une dynamique locale forte et une proximit\u00e9 avec les populations de Grand-Bassam. <\/p>\n\n\n\n<p>Sa d\u00e9mission soul\u00e8ve de nombreuses interrogations : d\u00e9saccord strat\u00e9gique, fatigue militante, repositionnement personnel ? Les sp\u00e9culations vont bon train, mais aucune confirmation officielle n\u2019a encore \u00e9t\u00e9 donn\u00e9e. <\/p>\n\n\n\n<p>Et maintenant ?Le PDCI-RDA, plus vieux parti de C\u00f4te d\u2019Ivoire, devra rapidement r\u00e9agir pour contenir les effets de cette annonce. <\/p>\n\n\n\n<p>La mobilisation des bases, la coh\u00e9sion interne et la clart\u00e9 du projet politique seront plus que jamais n\u00e9cessaires pour maintenir le cap.<\/p>\n\n\n\n<p>Kone Yaya<\/p>\n\n\n\n<p><\/p>\n","protected":false},"excerpt":{"rendered":"<p>Grand-Bassam, C\u00f4te d\u2019Ivoire \u2013 Ce week-end, un vent de stupeur a souffl\u00e9 sur le si\u00e8ge du PDCI-RDA \u00e0 Grand-Bassam. Me Linda Diplo, figure embl\u00e9matique et cadre influente du parti, a annonc\u00e9 sa d\u00e9mission lors d\u2019une rencontre express qu\u2019elle a elle-m\u00eame convoqu\u00e9e, \u00e0 proximit\u00e9 de la gendarmerie. Dans une simple d\u00e9claration , l\u2019ex-d\u00e9l\u00e9gu\u00e9e d\u00e9partementale a exprim\u00e9 [&hellip;]<\/p>\n","protected":false},"author":2,"featured_media":17146,"comment_status":"open","ping_status":"open","sticky":false,"template":"","format":"standard","meta":{"footnotes":""},"categories":[23],"tags":[],"class_list":["post-17145","post","type-post","status-publish","format-standard","has-post-thumbnail","hentry","category-politique"],"_links":{"self":[{"href":"https:\/\/www.infoline.ci\/index.php?rest_route=\/wp\/v2\/posts\/17145","targetHints":{"allow":["GET"]}}],"collection":[{"href":"https:\/\/www.infoline.ci\/index.php?rest_route=\/wp\/v2\/posts"}],"about":[{"href":"https:\/\/www.infoline.ci\/index.php?rest_route=\/wp\/v2\/types\/post"}],"author":[{"embeddable":true,"href":"https:\/\/www.infoline.ci\/index.php?rest_route=\/wp\/v2\/users\/2"}],"replies":[{"embeddable":true,"href":"https:\/\/www.infoline.ci\/index.php?rest_route=%2Fwp%2Fv2%2Fcomments&post=17145"}],"version-history":[{"count":3,"href":"https:\/\/www.infoline.ci\/index.php?rest_route=\/wp\/v2\/posts\/17145\/revisions"}],"predecessor-version":[{"id":17151,"href":"https:\/\/www.infoline.ci\/index.php?rest_route=\/wp\/v2\/posts\/17145\/revisions\/17151"}],"wp:featuredmedia":[{"embeddable":true,"href":"https:\/\/www.infoline.ci\/index.php?rest_route=\/wp\/v2\/media\/17146"}],"wp:attachment":[{"href":"https:\/\/www.infoline.ci\/index.php?rest_route=%2Fwp%2Fv2%2Fmedia&parent=17145"}],"wp:term":[{"taxonomy":"category","embeddable":true,"href":"https:\/\/www.infoline.ci\/index.php?rest_route=%2Fwp%2Fv2%2Fcategories&post=17145"},{"taxonomy":"post_tag","embeddable":true,"href":"https:\/\/www.infoline.ci\/index.php?rest_route=%2Fwp%2Fv2%2Ftags&post=17145"}],"curies":[{"name":"wp","href":"https:\/\/api.w.org\/{rel}","templated":true}]}}