{"id":16723,"date":"2025-06-28T06:15:55","date_gmt":"2025-06-28T06:15:55","guid":{"rendered":"https:\/\/www.infoline.ci\/?p=16723"},"modified":"2025-06-28T06:18:59","modified_gmt":"2025-06-28T06:18:59","slug":"medias-konnie-toure-meilleure-animatrice-de-cote-divoire","status":"publish","type":"post","link":"https:\/\/www.infoline.ci\/?p=16723","title":{"rendered":"M\u00e9dias :  Konnie Tour\u00e9 Meilleure Animatrice de C\u00f4te d\u2019Ivoire"},"content":{"rendered":"\n<p>La sc\u00e8ne m\u00e9diatique ivoirienne vient d\u2019honorer l\u2019une de ses voix les plus embl\u00e9matiques. Konnie Tour\u00e9 a \u00e9t\u00e9 sacr\u00e9e Meilleure Animatrice de C\u00f4te d\u2019Ivoire lors de la prestigieuse c\u00e9r\u00e9monie du SICA, un prix qui tombe \u00e0 point nomm\u00e9, marquant ses 25 ann\u00e9es de carri\u00e8re.<\/p>\n\n\n\n<p>Connue pour son \u00e9nergie communicative, sa g\u00e9n\u00e9rosit\u00e9 et sa capacit\u00e9 \u00e0 r\u00e9v\u00e9ler les talents, konnie Tour\u00e9  a su conqu\u00e9rir le c\u0153ur des Ivoiriens. <\/p>\n\n\n\n<p>Cette distinction vient saluer un parcours jalonn\u00e9 de passion, de professionnalisme et de lumi\u00e8re partag\u00e9e.<\/p>\n\n\n\n<p>Dans un discours empreint d\u2019\u00e9motion, l\u2019animatrice a d\u00e9di\u00e9 cette victoire \u00e0 Dieu, sa famille, ses coll\u00e8gues de Life TV, \u00e0 son \u00e9poux, et \u00e0 la m\u00e9moire d\u2019\u00c9ric Didia. <\/p>\n\n\n\n<p>Elle a surtout adress\u00e9 un message fort aux jeunes : \u00ab Avec la passion, le travail et l\u2019humilit\u00e9, tout est possible. \u00bb <\/p>\n\n\n\n<p>Ce troph\u00e9e n\u2019est pas une finalit\u00e9 pour Konnie Tour\u00e9 , mais un encouragement \u00e0 continuer \u00e0 faire rayonner l\u2019audiovisuel ivoirien avec panache.<\/p>\n\n\n\n<p>Carlos All\u00e9luia<\/p>\n\n\n","protected":false},"excerpt":{"rendered":"<p>La sc\u00e8ne m\u00e9diatique ivoirienne vient d\u2019honorer l\u2019une de ses voix les plus embl\u00e9matiques. Konnie Tour\u00e9 a \u00e9t\u00e9 sacr\u00e9e Meilleure Animatrice de C\u00f4te d\u2019Ivoire lors de la prestigieuse c\u00e9r\u00e9monie du SICA, un prix qui tombe \u00e0 point nomm\u00e9, marquant ses 25 ann\u00e9es de carri\u00e8re. Connue pour son \u00e9nergie communicative, sa g\u00e9n\u00e9rosit\u00e9 et sa capacit\u00e9 \u00e0 r\u00e9v\u00e9ler [&hellip;]<\/p>\n","protected":false},"author":2,"featured_media":16724,"comment_status":"open","ping_status":"open","sticky":false,"template":"","format":"standard","meta":{"footnotes":""},"categories":[19],"tags":[],"class_list":["post-16723","post","type-post","status-publish","format-standard","has-post-thumbnail","hentry","category-culture"],"_links":{"self":[{"href":"https:\/\/www.infoline.ci\/index.php?rest_route=\/wp\/v2\/posts\/16723","targetHints":{"allow":["GET"]}}],"collection":[{"href":"https:\/\/www.infoline.ci\/index.php?rest_route=\/wp\/v2\/posts"}],"about":[{"href":"https:\/\/www.infoline.ci\/index.php?rest_route=\/wp\/v2\/types\/post"}],"author":[{"embeddable":true,"href":"https:\/\/www.infoline.ci\/index.php?rest_route=\/wp\/v2\/users\/2"}],"replies":[{"embeddable":true,"href":"https:\/\/www.infoline.ci\/index.php?rest_route=%2Fwp%2Fv2%2Fcomments&post=16723"}],"version-history":[{"count":2,"href":"https:\/\/www.infoline.ci\/index.php?rest_route=\/wp\/v2\/posts\/16723\/revisions"}],"predecessor-version":[{"id":16727,"href":"https:\/\/www.infoline.ci\/index.php?rest_route=\/wp\/v2\/posts\/16723\/revisions\/16727"}],"wp:featuredmedia":[{"embeddable":true,"href":"https:\/\/www.infoline.ci\/index.php?rest_route=\/wp\/v2\/media\/16724"}],"wp:attachment":[{"href":"https:\/\/www.infoline.ci\/index.php?rest_route=%2Fwp%2Fv2%2Fmedia&parent=16723"}],"wp:term":[{"taxonomy":"category","embeddable":true,"href":"https:\/\/www.infoline.ci\/index.php?rest_route=%2Fwp%2Fv2%2Fcategories&post=16723"},{"taxonomy":"post_tag","embeddable":true,"href":"https:\/\/www.infoline.ci\/index.php?rest_route=%2Fwp%2Fv2%2Ftags&post=16723"}],"curies":[{"name":"wp","href":"https:\/\/api.w.org\/{rel}","templated":true}]}}