{"id":16553,"date":"2025-06-19T16:40:28","date_gmt":"2025-06-19T16:40:28","guid":{"rendered":"https:\/\/www.infoline.ci\/?p=16553"},"modified":"2025-06-19T16:44:21","modified_gmt":"2025-06-19T16:44:21","slug":"modeste-spoliation-fonciere-des-voix-selevent-contre-une-injustice-persistante","status":"publish","type":"post","link":"https:\/\/www.infoline.ci\/?p=16553","title":{"rendered":"Modeste \u2013 Spoliation fonci\u00e8re : des voix s\u2019\u00e9l\u00e8vent contre une injustice persistante"},"content":{"rendered":"\n<p>Le mardi 17 juin 2025, le village de Modeste, dans la commune de Grand-Bassam, a de nouveau \u00e9t\u00e9 le th\u00e9\u00e2tre d\u2019une mobilisation poignante en faveur de la justice fonci\u00e8re.<\/p>\n\n\n\n<p> Des propri\u00e9taires terriens, r\u00e9unis autour de leur porte-parole M. Bil\u00e9 Wadja Serges, ont anim\u00e9 une conf\u00e9rence de presse afin d\u2019alerter l\u2019opinion publique et les autorit\u00e9s comp\u00e9tentes sur une affaire qui menace \u00e0 la fois les droits fonciers et la paix sociale. Des familles dans le d\u00e9sarroi, des titres fonciers ignor\u00e9s .<\/p>\n\n\n\n<p>Derri\u00e8re les proc\u00e9dures administratives et les querelles juridiques, ce sont des centaines de familles qui vivent dans l\u2019angoisse d\u2019\u00eatre d\u00e9poss\u00e9d\u00e9es de leurs terres ancestrales. <\/p>\n\n\n\n<p>Pourtant, plusieurs d\u2019entre elles disposent d\u2019Arr\u00eat\u00e9s de Concession D\u00e9finitive (ACD), d\u2019approbations de lotissement d\u00fbment d\u00e9livr\u00e9es ou sont engag\u00e9es dans des d\u00e9marches r\u00e9guli\u00e8res aupr\u00e8s du minist\u00e8re de la Construction, du Logement et de l\u2019Urbanisme. <\/p>\n\n\n\n<p>Malgr\u00e9 ces documents l\u00e9gaux, leurs parcelles sont aujourd\u2019hui englob\u00e9es dans une approbation globale jug\u00e9e injuste et unilat\u00e9rale, au b\u00e9n\u00e9fice d\u2019un tiers : M. Diabat\u00e9 Seydou. <\/p>\n\n\n\n<p>Accusations de spoliation et d\u2019irr\u00e9gularit\u00e9s graves Qualifi\u00e9 d\u2019\u201cusurpateur foncier\u201d par les concern\u00e9s, M. Diabat\u00e9 Seydou aurait obtenu une approbation de lotissement sur plus de 160 hectares sans mandat l\u00e9gal, ni concertation avec les ayants droit. <\/p>\n\n\n\n<p>Une situation que les propri\u00e9taires consid\u00e8rent comme une \u201cman\u0153uvre frauduleuse\u201d et qui bafoue les d\u00e9cisions judiciaires existantes, notamment l\u2019arr\u00eat\u00e9 de suspension du Conseil d\u2019\u00c9tat et un jugement du tribunal de Grand-Bassam ordonnant le d\u00e9guerpissement de sa soci\u00e9t\u00e9, SIAC. <\/p>\n\n\n\n<p>Un appel \u00e0 la justice et \u00e0 la paix Au c\u0153ur de cette mobilisation, les propri\u00e9taires terriens r\u00e9affirment leur attachement \u00e0 l\u2019\u00c9tat de droit : \u00ab Nous ne demandons que justice. Nous d\u00e9fendrons nos terres, notre histoire et nos familles, jusqu\u2019\u00e0 la derni\u00e8re \u00e9nergie. \u00bb Ils en appellent \u00e0 la transparence, au respect des d\u00e9cisions de justice, et \u00e0 l\u2019implication des autorit\u00e9s pour garantir la paix sociale dans ce village meurtri.<\/p>\n\n\n\n<p>Carlos All\u00e9luia <\/p>\n\n\n\n<figure class=\"wp-block-gallery has-nested-images columns-default is-cropped wp-block-gallery-1 is-layout-flex wp-block-gallery-is-layout-flex\">\n<figure class=\"wp-block-image size-large\"><img loading=\"lazy\" decoding=\"async\" width=\"960\" height=\"540\" data-id=\"16555\" src=\"https:\/\/www.infoline.ci\/wp-content\/uploads\/2025\/06\/IMG-20250619-WA0003.jpg\" alt=\"\" class=\"wp-image-16555\" srcset=\"https:\/\/www.infoline.ci\/wp-content\/uploads\/2025\/06\/IMG-20250619-WA0003.jpg 960w, https:\/\/www.infoline.ci\/wp-content\/uploads\/2025\/06\/IMG-20250619-WA0003-300x169.jpg 300w, https:\/\/www.infoline.ci\/wp-content\/uploads\/2025\/06\/IMG-20250619-WA0003-768x432.jpg 768w, https:\/\/www.infoline.ci\/wp-content\/uploads\/2025\/06\/IMG-20250619-WA0003-696x392.jpg 696w, https:\/\/www.infoline.ci\/wp-content\/uploads\/2025\/06\/IMG-20250619-WA0003-747x420.jpg 747w\" sizes=\"auto, (max-width: 960px) 100vw, 960px\" \/><\/figure>\n<\/figure>\n\n\n\n<figure class=\"wp-block-gallery has-nested-images columns-default is-cropped wp-block-gallery-2 is-layout-flex wp-block-gallery-is-layout-flex\">\n<figure class=\"wp-block-image size-large\"><img loading=\"lazy\" decoding=\"async\" width=\"960\" height=\"540\" data-id=\"16556\" src=\"https:\/\/www.infoline.ci\/wp-content\/uploads\/2025\/06\/IMG-20250619-WA0008.jpg\" alt=\"\" class=\"wp-image-16556\" srcset=\"https:\/\/www.infoline.ci\/wp-content\/uploads\/2025\/06\/IMG-20250619-WA0008.jpg 960w, https:\/\/www.infoline.ci\/wp-content\/uploads\/2025\/06\/IMG-20250619-WA0008-300x169.jpg 300w, https:\/\/www.infoline.ci\/wp-content\/uploads\/2025\/06\/IMG-20250619-WA0008-768x432.jpg 768w, https:\/\/www.infoline.ci\/wp-content\/uploads\/2025\/06\/IMG-20250619-WA0008-696x392.jpg 696w, https:\/\/www.infoline.ci\/wp-content\/uploads\/2025\/06\/IMG-20250619-WA0008-747x420.jpg 747w\" sizes=\"auto, (max-width: 960px) 100vw, 960px\" \/><\/figure>\n<\/figure>\n\n\n\n<div class=\"wp-block-file\"><a href=\"https:\/\/www.infoline.ci\/wp-content\/uploads\/2025\/06\/IMG-20250619-WA0013.jpg\" class=\"wp-block-file__button wp-element-button\" download><\/a><\/div>\n","protected":false},"excerpt":{"rendered":"<p>Le mardi 17 juin 2025, le village de Modeste, dans la commune de Grand-Bassam, a de nouveau \u00e9t\u00e9 le th\u00e9\u00e2tre d\u2019une mobilisation poignante en faveur de la justice fonci\u00e8re. Des propri\u00e9taires terriens, r\u00e9unis autour de leur porte-parole M. Bil\u00e9 Wadja Serges, ont anim\u00e9 une conf\u00e9rence de presse afin d\u2019alerter l\u2019opinion publique et les autorit\u00e9s comp\u00e9tentes [&hellip;]<\/p>\n","protected":false},"author":2,"featured_media":16554,"comment_status":"open","ping_status":"open","sticky":false,"template":"","format":"standard","meta":{"footnotes":""},"categories":[24],"tags":[],"class_list":["post-16553","post","type-post","status-publish","format-standard","has-post-thumbnail","hentry","category-societe"],"_links":{"self":[{"href":"https:\/\/www.infoline.ci\/index.php?rest_route=\/wp\/v2\/posts\/16553","targetHints":{"allow":["GET"]}}],"collection":[{"href":"https:\/\/www.infoline.ci\/index.php?rest_route=\/wp\/v2\/posts"}],"about":[{"href":"https:\/\/www.infoline.ci\/index.php?rest_route=\/wp\/v2\/types\/post"}],"author":[{"embeddable":true,"href":"https:\/\/www.infoline.ci\/index.php?rest_route=\/wp\/v2\/users\/2"}],"replies":[{"embeddable":true,"href":"https:\/\/www.infoline.ci\/index.php?rest_route=%2Fwp%2Fv2%2Fcomments&post=16553"}],"version-history":[{"count":3,"href":"https:\/\/www.infoline.ci\/index.php?rest_route=\/wp\/v2\/posts\/16553\/revisions"}],"predecessor-version":[{"id":16561,"href":"https:\/\/www.infoline.ci\/index.php?rest_route=\/wp\/v2\/posts\/16553\/revisions\/16561"}],"wp:featuredmedia":[{"embeddable":true,"href":"https:\/\/www.infoline.ci\/index.php?rest_route=\/wp\/v2\/media\/16554"}],"wp:attachment":[{"href":"https:\/\/www.infoline.ci\/index.php?rest_route=%2Fwp%2Fv2%2Fmedia&parent=16553"}],"wp:term":[{"taxonomy":"category","embeddable":true,"href":"https:\/\/www.infoline.ci\/index.php?rest_route=%2Fwp%2Fv2%2Fcategories&post=16553"},{"taxonomy":"post_tag","embeddable":true,"href":"https:\/\/www.infoline.ci\/index.php?rest_route=%2Fwp%2Fv2%2Ftags&post=16553"}],"curies":[{"name":"wp","href":"https:\/\/api.w.org\/{rel}","templated":true}]}}