{"id":16530,"date":"2025-06-18T08:38:22","date_gmt":"2025-06-18T08:38:22","guid":{"rendered":"https:\/\/www.infoline.ci\/?p=16530"},"modified":"2025-06-18T08:38:27","modified_gmt":"2025-06-18T08:38:27","slug":"evenement-historique-sans-precedent-le-qg-du-mossad-frappe-et-detruit","status":"publish","type":"post","link":"https:\/\/www.infoline.ci\/?p=16530","title":{"rendered":"\u00c9v\u00e9nement historique sans pr\u00e9c\u00e9dent : le QG du Mossad frapp\u00e9 et d\u00e9truit"},"content":{"rendered":"\n<p>Dans une op\u00e9ration d\u2019une audace inou\u00efe, l\u2019Iran a lanc\u00e9 une salve de missiles hypersoniques qui a r\u00e9ussi \u00e0 frapper et d\u00e9truire le quartier g\u00e9n\u00e9ral du Mossad, situ\u00e9 pr\u00e8s de Tel Aviv. Ce site, consid\u00e9r\u00e9 comme l\u2019un des plus s\u00e9curis\u00e9s au monde, a vu ses d\u00e9fenses a\u00e9riennes \u2013 pourtant parmi les plus sophistiqu\u00e9es de la plan\u00e8te \u2013 impuissantes face \u00e0 cette attaque fulgurante.Selon les premi\u00e8res informations, les missiles auraient contourn\u00e9 les syst\u00e8mes de d\u00e9tection isra\u00e9liens, causant des d\u00e9g\u00e2ts majeurs \u00e0 des installations strat\u00e9giques, notamment le centre de planification des op\u00e9rations du Mossad et l\u2019unit\u00e9 de renseignement militaire Aman.Cet \u00e9v\u00e9nement marque un tournant majeur dans l\u2019escalade des tensions entre l\u2019Iran et Isra\u00ebl, et soul\u00e8ve de nombreuses interrogations sur l\u2019\u00e9quilibre strat\u00e9gique au Moyen-Orient.<\/p>\n\n\n\n<p>Carlos All\u00e9luia <\/p>\n","protected":false},"excerpt":{"rendered":"<p>Dans une op\u00e9ration d\u2019une audace inou\u00efe, l\u2019Iran a lanc\u00e9 une salve de missiles hypersoniques qui a r\u00e9ussi \u00e0 frapper et d\u00e9truire le quartier g\u00e9n\u00e9ral du Mossad, situ\u00e9 pr\u00e8s de Tel Aviv. Ce site, consid\u00e9r\u00e9 comme l\u2019un des plus s\u00e9curis\u00e9s au monde, a vu ses d\u00e9fenses a\u00e9riennes \u2013 pourtant parmi les plus sophistiqu\u00e9es de la plan\u00e8te [&hellip;]<\/p>\n","protected":false},"author":2,"featured_media":16531,"comment_status":"open","ping_status":"open","sticky":false,"template":"","format":"standard","meta":{"footnotes":""},"categories":[31],"tags":[],"class_list":["post-16530","post","type-post","status-publish","format-standard","has-post-thumbnail","hentry","category-internationale"],"_links":{"self":[{"href":"https:\/\/www.infoline.ci\/index.php?rest_route=\/wp\/v2\/posts\/16530","targetHints":{"allow":["GET"]}}],"collection":[{"href":"https:\/\/www.infoline.ci\/index.php?rest_route=\/wp\/v2\/posts"}],"about":[{"href":"https:\/\/www.infoline.ci\/index.php?rest_route=\/wp\/v2\/types\/post"}],"author":[{"embeddable":true,"href":"https:\/\/www.infoline.ci\/index.php?rest_route=\/wp\/v2\/users\/2"}],"replies":[{"embeddable":true,"href":"https:\/\/www.infoline.ci\/index.php?rest_route=%2Fwp%2Fv2%2Fcomments&post=16530"}],"version-history":[{"count":1,"href":"https:\/\/www.infoline.ci\/index.php?rest_route=\/wp\/v2\/posts\/16530\/revisions"}],"predecessor-version":[{"id":16532,"href":"https:\/\/www.infoline.ci\/index.php?rest_route=\/wp\/v2\/posts\/16530\/revisions\/16532"}],"wp:featuredmedia":[{"embeddable":true,"href":"https:\/\/www.infoline.ci\/index.php?rest_route=\/wp\/v2\/media\/16531"}],"wp:attachment":[{"href":"https:\/\/www.infoline.ci\/index.php?rest_route=%2Fwp%2Fv2%2Fmedia&parent=16530"}],"wp:term":[{"taxonomy":"category","embeddable":true,"href":"https:\/\/www.infoline.ci\/index.php?rest_route=%2Fwp%2Fv2%2Fcategories&post=16530"},{"taxonomy":"post_tag","embeddable":true,"href":"https:\/\/www.infoline.ci\/index.php?rest_route=%2Fwp%2Fv2%2Ftags&post=16530"}],"curies":[{"name":"wp","href":"https:\/\/api.w.org\/{rel}","templated":true}]}}