{"id":1653,"date":"2018-04-26T16:34:29","date_gmt":"2018-04-26T16:34:29","guid":{"rendered":"http:\/\/www.infoline.ci\/?p=1653"},"modified":"2018-04-26T16:37:00","modified_gmt":"2018-04-26T16:37:00","slug":"cote-divoire-ministre-hamed-bakayoko-600-militaires-donnent-leurs-sangs-a-agban","status":"publish","type":"post","link":"https:\/\/www.infoline.ci\/?p=1653","title":{"rendered":"C\u00f4te d\u2019Ivoire : Le ministre Hamed Bakayoko et 600 militaires donnent leurs sangs \u00e0 Agban"},"content":{"rendered":"<p><strong>\u00abDonner son sang pour sauver des vies\u00a0\u00bb, c\u2019est pour respecter cet adage que le ministre HAMED Bakayoko, ministre d\u2019Etat ministre de la d\u00e9fense a accept\u00e9 de donner son sang. C\u2019\u00e9tait \u00e0 l\u2019occasion d\u2019une op\u00e9ration de don initi\u00e9e par la gendarmerie nationale, \u00e0 la caserne d\u2019Agban.<\/strong><\/p>\n<p>Apres avoir, lui-m\u00eame, donn\u00e9 son sang, le ministre HAMED Bakayoko a facilit\u00e9 les grands commandements de l\u2019arm\u00e9e \u00a0pour l\u2019id\u00e9e. \u00abJe suis heureux de participer \u00e0 la pr\u00e9sente op\u00e9ration, pour donner l\u2019exemple. \u00abMerci aux Chef d\u2019Etat-major des arm\u00e9es et au Commandant sup\u00e9rieur de la gendarmerie pour avoir initi\u00e9 cette belle op\u00e9ration qui rapproche nos hommes de la population. Car, notre leitmotiv c\u2019est de faire en sorte que l\u2019esprit arm\u00e9e-population soit renforc\u00e9. Notre volont\u00e9, c\u2019est d\u2019inculquer \u00e0 nos hommes en armes, le sens du secours et celui d\u2019apporter quelque chose aux populations. Aujourd\u2019hui, c\u2019est une op\u00e9ration de don de sang. On a besoin de 240 mille poches \u00e0 peu pr\u00e8s. Il y en a \u00e0 peine 170 mille. Il y a donc un trou d\u2019environ 70 mille poches \u00e0 boucher. Il est n\u00e9cessaire que chacun, de nous s\u2019engage \u00e0 combler ce d\u00e9ficit. Le sang, c\u2019est la vie\u00bb, a estim\u00e9 le ministre d\u2019Etat. L\u2019op\u00e9ration s\u2019\u00e9tendra dans plusieurs de l\u2019int\u00e9rieur du pays. \u00a0Le Cnts souhaite repartir du camp d\u2019Agban avec un nombre de poches de sang compris entre 400 et 600.<\/p>\n<p><strong>Charles Kon\u00e9<\/strong><\/p>\n","protected":false},"excerpt":{"rendered":"<p>\u00abDonner son sang pour sauver des vies\u00a0\u00bb, c\u2019est pour respecter cet adage que le ministre HAMED Bakayoko, ministre d\u2019Etat ministre de la d\u00e9fense a accept\u00e9 de donner son sang. C\u2019\u00e9tait \u00e0 l\u2019occasion d\u2019une op\u00e9ration de don initi\u00e9e par la gendarmerie nationale, \u00e0 la caserne d\u2019Agban. Apres avoir, lui-m\u00eame, donn\u00e9 son sang, le ministre HAMED Bakayoko [&hellip;]<\/p>\n","protected":false},"author":3,"featured_media":1654,"comment_status":"open","ping_status":"open","sticky":false,"template":"","format":"standard","meta":{"footnotes":""},"categories":[24],"tags":[],"class_list":["post-1653","post","type-post","status-publish","format-standard","has-post-thumbnail","hentry","category-societe"],"_links":{"self":[{"href":"https:\/\/www.infoline.ci\/index.php?rest_route=\/wp\/v2\/posts\/1653","targetHints":{"allow":["GET"]}}],"collection":[{"href":"https:\/\/www.infoline.ci\/index.php?rest_route=\/wp\/v2\/posts"}],"about":[{"href":"https:\/\/www.infoline.ci\/index.php?rest_route=\/wp\/v2\/types\/post"}],"author":[{"embeddable":true,"href":"https:\/\/www.infoline.ci\/index.php?rest_route=\/wp\/v2\/users\/3"}],"replies":[{"embeddable":true,"href":"https:\/\/www.infoline.ci\/index.php?rest_route=%2Fwp%2Fv2%2Fcomments&post=1653"}],"version-history":[{"count":3,"href":"https:\/\/www.infoline.ci\/index.php?rest_route=\/wp\/v2\/posts\/1653\/revisions"}],"predecessor-version":[{"id":1657,"href":"https:\/\/www.infoline.ci\/index.php?rest_route=\/wp\/v2\/posts\/1653\/revisions\/1657"}],"wp:featuredmedia":[{"embeddable":true,"href":"https:\/\/www.infoline.ci\/index.php?rest_route=\/wp\/v2\/media\/1654"}],"wp:attachment":[{"href":"https:\/\/www.infoline.ci\/index.php?rest_route=%2Fwp%2Fv2%2Fmedia&parent=1653"}],"wp:term":[{"taxonomy":"category","embeddable":true,"href":"https:\/\/www.infoline.ci\/index.php?rest_route=%2Fwp%2Fv2%2Fcategories&post=1653"},{"taxonomy":"post_tag","embeddable":true,"href":"https:\/\/www.infoline.ci\/index.php?rest_route=%2Fwp%2Fv2%2Ftags&post=1653"}],"curies":[{"name":"wp","href":"https:\/\/api.w.org\/{rel}","templated":true}]}}