{"id":16483,"date":"2025-06-11T08:25:41","date_gmt":"2025-06-11T08:25:41","guid":{"rendered":"https:\/\/www.infoline.ci\/?p=16483"},"modified":"2025-06-11T08:28:06","modified_gmt":"2025-06-11T08:28:06","slug":"grand-bassam-a-lhonneur-a-lunoc3-une-reconnaissance-internationale-pour-la-preservation-des-oceans","status":"publish","type":"post","link":"https:\/\/www.infoline.ci\/?p=16483","title":{"rendered":"Grand-Bassam \u00e0 l\u2019honneur \u00e0 l\u2019UNOC3 : Une reconnaissance internationale pour la pr\u00e9servation des oc\u00e9ans"},"content":{"rendered":"\n<p>oc\u00e9ans**<\/p>\n\n\n\n<p>Lors de la 3\u1d49 Conf\u00e9rence des Nations Unies sur l\u2019Oc\u00e9an (UNOC3) qui s\u2019est tenue \u00e0 Nice, en France, la C\u00f4te d\u2019Ivoire a brill\u00e9 sur la sc\u00e8ne internationale gr\u00e2ce \u00e0 la nomination du Maire de Grand-Bassam, <strong>Jean-Louis Moulot<\/strong>, en tant que <strong>Vice-Pr\u00e9sident de la Coalition mondiale des Maires pour l\u2019Oc\u00e9an<\/strong>. Cet \u00e9v\u00e9nement marque une avanc\u00e9e significative dans la reconnaissance des efforts d\u00e9ploy\u00e9s par la municipalit\u00e9 en mati\u00e8re de <strong>protection du littoral et de lutte contre la pollution plastique<\/strong>.<\/p>\n\n\n\n<p>La Coalition mondiale des Maires pour l\u2019Oc\u00e9an, officiellement lanc\u00e9e en marge de l\u2019UNOC3, vise \u00e0 renforcer les actions des villes c\u00f4ti\u00e8res face aux d\u00e9fis environnementaux qui menacent l\u2019\u00e9cosyst\u00e8me marin. La nomination du Maire Moulot t\u00e9moigne de l\u2019engagement de Grand-Bassam pour un avenir durable, notamment \u00e0 travers des initiatives telles que la <strong>gestion responsable des d\u00e9chets plastiques<\/strong>, la <strong>sensibilisation des populations locales<\/strong>, et la <strong>mise en place de programmes de pr\u00e9servation du littoral<\/strong>.<\/p>\n\n\n\n<p>Grand-Bassam, ville historique et premi\u00e8re capitale de la C\u00f4te d\u2019Ivoire, devient ainsi un mod\u00e8le en mati\u00e8re de gouvernance \u00e9cologique, illustrant l\u2019importance d\u2019une gestion proactive des ressources naturelles et de la pr\u00e9servation de l\u2019environnement. Cette reconnaissance internationale encourage la municipalit\u00e9 \u00e0 poursuivre ses efforts et \u00e0 collaborer avec des partenaires mondiaux pour renforcer l\u2019impact de ses actions.<\/p>\n\n\n\n<p>En int\u00e9grant cette coalition, la C\u00f4te d\u2019Ivoire, et plus particuli\u00e8rement Grand-Bassam, s\u2019affirme comme un acteur cl\u00e9 de la protection des oc\u00e9ans, pr\u00eat \u00e0 relever les d\u00e9fis climatiques et environnementaux qui affectent les villes c\u00f4ti\u00e8res \u00e0 travers le monde. Cette nomination est une <strong>victoire collective<\/strong> qui valorise les efforts de la municipalit\u00e9 et place Grand-Bassam sous les projecteurs du d\u00e9veloppement durable<\/p>\n\n\n\n<p>Symphonie Carlos<\/p>\n\n\n\n<figure class=\"wp-block-gallery has-nested-images columns-default is-cropped wp-block-gallery-1 is-layout-flex wp-block-gallery-is-layout-flex\">\n<figure class=\"wp-block-image size-large\"><img loading=\"lazy\" decoding=\"async\" width=\"1024\" height=\"683\" data-id=\"16486\" src=\"https:\/\/www.infoline.ci\/wp-content\/uploads\/2025\/06\/1000021587-1024x683.jpg\" alt=\"\" class=\"wp-image-16486\" srcset=\"https:\/\/www.infoline.ci\/wp-content\/uploads\/2025\/06\/1000021587-1024x683.jpg 1024w, https:\/\/www.infoline.ci\/wp-content\/uploads\/2025\/06\/1000021587-300x200.jpg 300w, https:\/\/www.infoline.ci\/wp-content\/uploads\/2025\/06\/1000021587-768x512.jpg 768w, https:\/\/www.infoline.ci\/wp-content\/uploads\/2025\/06\/1000021587-696x464.jpg 696w, https:\/\/www.infoline.ci\/wp-content\/uploads\/2025\/06\/1000021587-1068x712.jpg 1068w, https:\/\/www.infoline.ci\/wp-content\/uploads\/2025\/06\/1000021587-630x420.jpg 630w, https:\/\/www.infoline.ci\/wp-content\/uploads\/2025\/06\/1000021587.jpg 1080w\" sizes=\"auto, (max-width: 1024px) 100vw, 1024px\" \/><\/figure>\n\n\n\n<figure class=\"wp-block-image size-large\"><img loading=\"lazy\" decoding=\"async\" width=\"1024\" height=\"606\" data-id=\"16485\" src=\"https:\/\/www.infoline.ci\/wp-content\/uploads\/2025\/06\/1000021586-1024x606.jpg\" alt=\"\" class=\"wp-image-16485\" srcset=\"https:\/\/www.infoline.ci\/wp-content\/uploads\/2025\/06\/1000021586-1024x606.jpg 1024w, https:\/\/www.infoline.ci\/wp-content\/uploads\/2025\/06\/1000021586-300x178.jpg 300w, https:\/\/www.infoline.ci\/wp-content\/uploads\/2025\/06\/1000021586-768x454.jpg 768w, https:\/\/www.infoline.ci\/wp-content\/uploads\/2025\/06\/1000021586-696x412.jpg 696w, https:\/\/www.infoline.ci\/wp-content\/uploads\/2025\/06\/1000021586-1068x632.jpg 1068w, https:\/\/www.infoline.ci\/wp-content\/uploads\/2025\/06\/1000021586-710x420.jpg 710w, https:\/\/www.infoline.ci\/wp-content\/uploads\/2025\/06\/1000021586.jpg 1080w\" sizes=\"auto, (max-width: 1024px) 100vw, 1024px\" \/><\/figure>\n\n\n\n<figure class=\"wp-block-image size-large\"><img loading=\"lazy\" decoding=\"async\" width=\"1024\" height=\"525\" data-id=\"16487\" src=\"https:\/\/www.infoline.ci\/wp-content\/uploads\/2025\/06\/1000021585-1024x525.jpg\" alt=\"\" class=\"wp-image-16487\" srcset=\"https:\/\/www.infoline.ci\/wp-content\/uploads\/2025\/06\/1000021585-1024x525.jpg 1024w, https:\/\/www.infoline.ci\/wp-content\/uploads\/2025\/06\/1000021585-300x154.jpg 300w, https:\/\/www.infoline.ci\/wp-content\/uploads\/2025\/06\/1000021585-768x394.jpg 768w, https:\/\/www.infoline.ci\/wp-content\/uploads\/2025\/06\/1000021585-696x357.jpg 696w, https:\/\/www.infoline.ci\/wp-content\/uploads\/2025\/06\/1000021585-1068x548.jpg 1068w, https:\/\/www.infoline.ci\/wp-content\/uploads\/2025\/06\/1000021585-819x420.jpg 819w, https:\/\/www.infoline.ci\/wp-content\/uploads\/2025\/06\/1000021585.jpg 1080w\" sizes=\"auto, (max-width: 1024px) 100vw, 1024px\" \/><\/figure>\n<\/figure>\n","protected":false},"excerpt":{"rendered":"<p>oc\u00e9ans** Lors de la 3\u1d49 Conf\u00e9rence des Nations Unies sur l\u2019Oc\u00e9an (UNOC3) qui s\u2019est tenue \u00e0 Nice, en France, la C\u00f4te d\u2019Ivoire a brill\u00e9 sur la sc\u00e8ne internationale gr\u00e2ce \u00e0 la nomination du Maire de Grand-Bassam, Jean-Louis Moulot, en tant que Vice-Pr\u00e9sident de la Coalition mondiale des Maires pour l\u2019Oc\u00e9an. Cet \u00e9v\u00e9nement marque une avanc\u00e9e [&hellip;]<\/p>\n","protected":false},"author":2,"featured_media":16484,"comment_status":"open","ping_status":"open","sticky":false,"template":"","format":"standard","meta":{"footnotes":""},"categories":[31],"tags":[],"class_list":["post-16483","post","type-post","status-publish","format-standard","has-post-thumbnail","hentry","category-internationale"],"_links":{"self":[{"href":"https:\/\/www.infoline.ci\/index.php?rest_route=\/wp\/v2\/posts\/16483","targetHints":{"allow":["GET"]}}],"collection":[{"href":"https:\/\/www.infoline.ci\/index.php?rest_route=\/wp\/v2\/posts"}],"about":[{"href":"https:\/\/www.infoline.ci\/index.php?rest_route=\/wp\/v2\/types\/post"}],"author":[{"embeddable":true,"href":"https:\/\/www.infoline.ci\/index.php?rest_route=\/wp\/v2\/users\/2"}],"replies":[{"embeddable":true,"href":"https:\/\/www.infoline.ci\/index.php?rest_route=%2Fwp%2Fv2%2Fcomments&post=16483"}],"version-history":[{"count":2,"href":"https:\/\/www.infoline.ci\/index.php?rest_route=\/wp\/v2\/posts\/16483\/revisions"}],"predecessor-version":[{"id":16490,"href":"https:\/\/www.infoline.ci\/index.php?rest_route=\/wp\/v2\/posts\/16483\/revisions\/16490"}],"wp:featuredmedia":[{"embeddable":true,"href":"https:\/\/www.infoline.ci\/index.php?rest_route=\/wp\/v2\/media\/16484"}],"wp:attachment":[{"href":"https:\/\/www.infoline.ci\/index.php?rest_route=%2Fwp%2Fv2%2Fmedia&parent=16483"}],"wp:term":[{"taxonomy":"category","embeddable":true,"href":"https:\/\/www.infoline.ci\/index.php?rest_route=%2Fwp%2Fv2%2Fcategories&post=16483"},{"taxonomy":"post_tag","embeddable":true,"href":"https:\/\/www.infoline.ci\/index.php?rest_route=%2Fwp%2Fv2%2Ftags&post=16483"}],"curies":[{"name":"wp","href":"https:\/\/api.w.org\/{rel}","templated":true}]}}