{"id":16452,"date":"2025-06-06T14:34:03","date_gmt":"2025-06-06T14:34:03","guid":{"rendered":"https:\/\/www.infoline.ci\/?p=16452"},"modified":"2025-06-06T14:34:08","modified_gmt":"2025-06-06T14:34:08","slug":"tragique-accident-sur-la-route-dadzope-deux-morts-et-deux-blesses-dans-une-collision-violente","status":"publish","type":"post","link":"https:\/\/www.infoline.ci\/?p=16452","title":{"rendered":"Tragique accident sur la route d\u2019Adzop\u00e9 : Deux morts et deux bless\u00e9s dans une collision violente"},"content":{"rendered":"\n<p>Adzop\u00e9, C\u00f4te d\u2019Ivoire Un grave accident de la circulation s\u2019est produit sur la route d\u2019Adzop\u00e9, impliquant un camion benne et une fourgonnette. <\/p>\n\n\n\n<p>Selon les informations communiqu\u00e9es par le Groupement des Sapeurs-Pompiers Militaires (GSPM), le choc a fait quatre victimes, dont deux personnes d\u00e9c\u00e9d\u00e9es sur place et deux autres bless\u00e9es, \u00e9vacu\u00e9es vers l\u2019H\u00f4pital G\u00e9n\u00e9ral d\u2019Abobo Baoul\u00e9. <\/p>\n\n\n\n<p>Les circonstances du drame L\u2019accident s\u2019est produit dans des conditions encore \u00e0 pr\u00e9ciser par les autorit\u00e9s comp\u00e9tentes. Les premiers \u00e9l\u00e9ments indiquent une collision d\u2019une extr\u00eame violence, laissant les v\u00e9hicules fortement endommag\u00e9s et n\u00e9cessitant une intervention rapide des secours. <\/p>\n\n\n\n<p>Les deux victimes d\u00e9c\u00e9d\u00e9es ont \u00e9t\u00e9 retrouv\u00e9es coinc\u00e9es dans les carcasses des v\u00e9hicules, tandis que les bless\u00e9s ont \u00e9t\u00e9 pris en charge par l\u2019unit\u00e9 VSU 15 du GSPM. <\/p>\n\n\n\n<p>Une s\u00e9rie noire sur les routes ivoiriennesCe drame s\u2019inscrit dans une s\u00e9rie d\u2019accidents tragiques qui endeuillent r\u00e9guli\u00e8rement les routes ivoiriennes. <\/p>\n\n\n\n<p>En effet, plusieurs incidents similaires ont \u00e9t\u00e9 signal\u00e9s ces derniers mois, notamment un accident survenu sur l\u2019autoroute du Nord impliquant des autocars et des poids lourds, causant deux morts et plusieurs bless\u00e9s. <\/p>\n\n\n\n<p>Ces \u00e9v\u00e9nements relancent le d\u00e9bat sur la s\u00e9curit\u00e9 routi\u00e8re et la n\u00e9cessit\u00e9 de renforcer les mesures de pr\u00e9vention.Appel \u00e0 la vigilance et aux mesures de s\u00e9curit\u00e9. Face \u00e0 cette recrudescence des accidents, les autorit\u00e9s et les acteurs de la s\u00e9curit\u00e9 routi\u00e8re appellent \u00e0 une vigilance accrue des conducteurs et au respect strict du code de la route. <\/p>\n\n\n\n<p>Des campagnes de sensibilisation sont r\u00e9guli\u00e8rement organis\u00e9es pour rappeler l\u2019importance de la prudence et de l\u2019entretien des v\u00e9hicules. <\/p>\n\n\n\n<p>**Solidarit\u00e9 et soutien aux familles des victimes**<\/p>\n\n\n\n<p>Le gouvernement et les autorit\u00e9s locales ont exprim\u00e9 leur solidarit\u00e9 envers les familles endeuill\u00e9es et les bless\u00e9s. <\/p>\n\n\n\n<p>La ministre de la Coh\u00e9sion nationale, Myss Belmonde Dogo, avait r\u00e9cemment soulign\u00e9 l\u2019importance du soutien aux victimes d\u2019accidents de la route, lors d\u2019un drame similaire \u00e0 Adzop\u00e9. Nos pens\u00e9es accompagnent les familles des victimes et nous souhaitons un prompt r\u00e9tablissement aux bless\u00e9s.<\/p>\n\n\n\n<p>Carlos All\u00e9luia<\/p>\n\n\n\n<figure class=\"wp-block-gallery has-nested-images columns-default is-cropped wp-block-gallery-1 is-layout-flex wp-block-gallery-is-layout-flex\">\n<figure class=\"wp-block-image size-large\"><img loading=\"lazy\" decoding=\"async\" width=\"720\" height=\"900\" data-id=\"16454\" src=\"https:\/\/www.infoline.ci\/wp-content\/uploads\/2025\/06\/1000021483.jpg\" alt=\"\" class=\"wp-image-16454\" srcset=\"https:\/\/www.infoline.ci\/wp-content\/uploads\/2025\/06\/1000021483.jpg 720w, https:\/\/www.infoline.ci\/wp-content\/uploads\/2025\/06\/1000021483-240x300.jpg 240w, https:\/\/www.infoline.ci\/wp-content\/uploads\/2025\/06\/1000021483-696x870.jpg 696w, https:\/\/www.infoline.ci\/wp-content\/uploads\/2025\/06\/1000021483-336x420.jpg 336w\" sizes=\"auto, (max-width: 720px) 100vw, 720px\" \/><\/figure>\n\n\n\n<figure class=\"wp-block-image size-large\"><img loading=\"lazy\" decoding=\"async\" width=\"720\" height=\"900\" data-id=\"16455\" src=\"https:\/\/www.infoline.ci\/wp-content\/uploads\/2025\/06\/1000021482.jpg\" alt=\"\" class=\"wp-image-16455\" srcset=\"https:\/\/www.infoline.ci\/wp-content\/uploads\/2025\/06\/1000021482.jpg 720w, https:\/\/www.infoline.ci\/wp-content\/uploads\/2025\/06\/1000021482-240x300.jpg 240w, https:\/\/www.infoline.ci\/wp-content\/uploads\/2025\/06\/1000021482-696x870.jpg 696w, https:\/\/www.infoline.ci\/wp-content\/uploads\/2025\/06\/1000021482-336x420.jpg 336w\" sizes=\"auto, (max-width: 720px) 100vw, 720px\" \/><\/figure>\n\n\n\n<figure class=\"wp-block-image size-large\"><img loading=\"lazy\" decoding=\"async\" width=\"720\" height=\"900\" data-id=\"16456\" src=\"https:\/\/www.infoline.ci\/wp-content\/uploads\/2025\/06\/1000021481.jpg\" alt=\"\" class=\"wp-image-16456\" srcset=\"https:\/\/www.infoline.ci\/wp-content\/uploads\/2025\/06\/1000021481.jpg 720w, https:\/\/www.infoline.ci\/wp-content\/uploads\/2025\/06\/1000021481-240x300.jpg 240w, https:\/\/www.infoline.ci\/wp-content\/uploads\/2025\/06\/1000021481-696x870.jpg 696w, https:\/\/www.infoline.ci\/wp-content\/uploads\/2025\/06\/1000021481-336x420.jpg 336w\" sizes=\"auto, (max-width: 720px) 100vw, 720px\" \/><\/figure>\n<\/figure>\n","protected":false},"excerpt":{"rendered":"<p>Adzop\u00e9, C\u00f4te d\u2019Ivoire Un grave accident de la circulation s\u2019est produit sur la route d\u2019Adzop\u00e9, impliquant un camion benne et une fourgonnette. Selon les informations communiqu\u00e9es par le Groupement des Sapeurs-Pompiers Militaires (GSPM), le choc a fait quatre victimes, dont deux personnes d\u00e9c\u00e9d\u00e9es sur place et deux autres bless\u00e9es, \u00e9vacu\u00e9es vers l\u2019H\u00f4pital G\u00e9n\u00e9ral d\u2019Abobo Baoul\u00e9. [&hellip;]<\/p>\n","protected":false},"author":2,"featured_media":16453,"comment_status":"open","ping_status":"open","sticky":false,"template":"","format":"standard","meta":{"footnotes":""},"categories":[22],"tags":[],"class_list":["post-16452","post","type-post","status-publish","format-standard","has-post-thumbnail","hentry","category-faits-divers"],"_links":{"self":[{"href":"https:\/\/www.infoline.ci\/index.php?rest_route=\/wp\/v2\/posts\/16452","targetHints":{"allow":["GET"]}}],"collection":[{"href":"https:\/\/www.infoline.ci\/index.php?rest_route=\/wp\/v2\/posts"}],"about":[{"href":"https:\/\/www.infoline.ci\/index.php?rest_route=\/wp\/v2\/types\/post"}],"author":[{"embeddable":true,"href":"https:\/\/www.infoline.ci\/index.php?rest_route=\/wp\/v2\/users\/2"}],"replies":[{"embeddable":true,"href":"https:\/\/www.infoline.ci\/index.php?rest_route=%2Fwp%2Fv2%2Fcomments&post=16452"}],"version-history":[{"count":1,"href":"https:\/\/www.infoline.ci\/index.php?rest_route=\/wp\/v2\/posts\/16452\/revisions"}],"predecessor-version":[{"id":16457,"href":"https:\/\/www.infoline.ci\/index.php?rest_route=\/wp\/v2\/posts\/16452\/revisions\/16457"}],"wp:featuredmedia":[{"embeddable":true,"href":"https:\/\/www.infoline.ci\/index.php?rest_route=\/wp\/v2\/media\/16453"}],"wp:attachment":[{"href":"https:\/\/www.infoline.ci\/index.php?rest_route=%2Fwp%2Fv2%2Fmedia&parent=16452"}],"wp:term":[{"taxonomy":"category","embeddable":true,"href":"https:\/\/www.infoline.ci\/index.php?rest_route=%2Fwp%2Fv2%2Fcategories&post=16452"},{"taxonomy":"post_tag","embeddable":true,"href":"https:\/\/www.infoline.ci\/index.php?rest_route=%2Fwp%2Fv2%2Ftags&post=16452"}],"curies":[{"name":"wp","href":"https:\/\/api.w.org\/{rel}","templated":true}]}}