{"id":16245,"date":"2025-05-15T08:38:47","date_gmt":"2025-05-15T08:38:47","guid":{"rendered":"https:\/\/www.infoline.ci\/?p=16245"},"modified":"2025-05-15T08:40:52","modified_gmt":"2025-05-15T08:40:52","slug":"guinee-un-nouveau-calendrier-electoral-sous-haute-surveillance","status":"publish","type":"post","link":"https:\/\/www.infoline.ci\/?p=16245","title":{"rendered":"Guin\u00e9e : Un nouveau calendrier \u00e9lectoral sous haute surveillance"},"content":{"rendered":"\n<p>Apr\u00e8s un premier calendrier non respect\u00e9, les autorit\u00e9s de la transition guin\u00e9ennes ont fix\u00e9 une nouvelle \u00e9ch\u00e9ance pour les \u00e9lections l\u00e9gislatives et pr\u00e9sidentielle : d\u00e9cembre 2025 . Cette annonce, faite par le Premier ministre Amadou Bah Oury lors de l\u2019Africa CEO Forum \u00e0 Abidjan, marque une \u00e9tape cruciale dans le retour \u00e0 l\u2019ordre constitutionnel1 .<\/p>\n\n\n\n<p>Avant ces scrutins, un r\u00e9f\u00e9rendum constitutionnel est pr\u00e9vu le 21 septembre 2025 . Ce processus s\u2019inscrit dans une volont\u00e9 affich\u00e9e de rassurer les investisseurs \u00e9trangers et de garantir une transition politique ordonn\u00e9e1 .<\/p>\n\n\n\n<p>Le gouvernement guin\u00e9en a lanc\u00e9 une vaste campagne d\u2019enr\u00f4lement pour inscrire chaque citoyen dans le fichier d\u2019\u00e9tat civil et \u00e9lectoral1 . Cette op\u00e9ration est jug\u00e9e essentielle pour assurer la transparence du processus \u00e9lectoral et \u00e9viter toute contestation future .<\/p>\n\n\n\n<p>Cependant, cette annonce intervient dans un contexte marqu\u00e9 par des tensions politiques et des critiques. Certains observateurs d\u00e9noncent une strat\u00e9gie de communication visant \u00e0 l\u00e9gitimer le pouvoir en place sans garantir une v\u00e9ritable ouverture d\u00e9mocratique . La suspension de plusieurs partis politiques et les restrictions impos\u00e9es \u00e0 l\u2019opposition suscitent des interrogations sur la sinc\u00e9rit\u00e9 du processus .<\/p>\n\n\n\n<p>Depuis le coup d\u2019\u00c9tat du 5 septembre 2021, qui a port\u00e9 le g\u00e9n\u00e9ral Mamady Doumbouya au pouvoir, la Guin\u00e9e est en qu\u00eate de stabilit\u00e9 . Initialement, la junte avait promis un retour aux civils en 2024, mais ce calendrier a \u00e9t\u00e9 repouss\u00e9 .<\/p>\n\n\n\n<p>Alors que le pays se pr\u00e9pare \u00e0 ces \u00e9ch\u00e9ances \u00e9lectorales, la question demeure : ces \u00e9lections seront-elles r\u00e9ellement inclusives et transparentes, ou marqueront-elles une consolidation du pouvoir militaire ?<\/p>\n\n\n\n<p>Claude Guy<\/p>\n","protected":false},"excerpt":{"rendered":"<p>Apr\u00e8s un premier calendrier non respect\u00e9, les autorit\u00e9s de la transition guin\u00e9ennes ont fix\u00e9 une nouvelle \u00e9ch\u00e9ance pour les \u00e9lections l\u00e9gislatives et pr\u00e9sidentielle : d\u00e9cembre 2025 . Cette annonce, faite par le Premier ministre Amadou Bah Oury lors de l\u2019Africa CEO Forum \u00e0 Abidjan, marque une \u00e9tape cruciale dans le retour \u00e0 l\u2019ordre constitutionnel1 . [&hellip;]<\/p>\n","protected":false},"author":2,"featured_media":16246,"comment_status":"open","ping_status":"open","sticky":false,"template":"","format":"standard","meta":{"footnotes":""},"categories":[31],"tags":[],"class_list":["post-16245","post","type-post","status-publish","format-standard","has-post-thumbnail","hentry","category-internationale"],"_links":{"self":[{"href":"https:\/\/www.infoline.ci\/index.php?rest_route=\/wp\/v2\/posts\/16245","targetHints":{"allow":["GET"]}}],"collection":[{"href":"https:\/\/www.infoline.ci\/index.php?rest_route=\/wp\/v2\/posts"}],"about":[{"href":"https:\/\/www.infoline.ci\/index.php?rest_route=\/wp\/v2\/types\/post"}],"author":[{"embeddable":true,"href":"https:\/\/www.infoline.ci\/index.php?rest_route=\/wp\/v2\/users\/2"}],"replies":[{"embeddable":true,"href":"https:\/\/www.infoline.ci\/index.php?rest_route=%2Fwp%2Fv2%2Fcomments&post=16245"}],"version-history":[{"count":2,"href":"https:\/\/www.infoline.ci\/index.php?rest_route=\/wp\/v2\/posts\/16245\/revisions"}],"predecessor-version":[{"id":16249,"href":"https:\/\/www.infoline.ci\/index.php?rest_route=\/wp\/v2\/posts\/16245\/revisions\/16249"}],"wp:featuredmedia":[{"embeddable":true,"href":"https:\/\/www.infoline.ci\/index.php?rest_route=\/wp\/v2\/media\/16246"}],"wp:attachment":[{"href":"https:\/\/www.infoline.ci\/index.php?rest_route=%2Fwp%2Fv2%2Fmedia&parent=16245"}],"wp:term":[{"taxonomy":"category","embeddable":true,"href":"https:\/\/www.infoline.ci\/index.php?rest_route=%2Fwp%2Fv2%2Fcategories&post=16245"},{"taxonomy":"post_tag","embeddable":true,"href":"https:\/\/www.infoline.ci\/index.php?rest_route=%2Fwp%2Fv2%2Ftags&post=16245"}],"curies":[{"name":"wp","href":"https:\/\/api.w.org\/{rel}","templated":true}]}}