{"id":16242,"date":"2025-05-15T08:31:48","date_gmt":"2025-05-15T08:31:48","guid":{"rendered":"https:\/\/www.infoline.ci\/?p=16242"},"modified":"2025-05-15T08:42:35","modified_gmt":"2025-05-15T08:42:35","slug":"tidjane-thiam-une-reelection-strategique-au-coeur-des-turbulences-judiciaires","status":"publish","type":"post","link":"https:\/\/www.infoline.ci\/?p=16242","title":{"rendered":"Tidjane Thiam : Une r\u00e9\u00e9lection strat\u00e9gique au c\u0153ur des turbulences judiciaires"},"content":{"rendered":"\n<p>Le mercredi 14 mai 2025, Tidjane Thiam a \u00e9t\u00e9 r\u00e9\u00e9lu \u00e0 la pr\u00e9sidence du <strong>Parti d\u00e9mocratique de C\u00f4te d\u2019Ivoire (PDCI)<\/strong>, seulement <strong>72 heures apr\u00e8s sa d\u00e9mission<\/strong>. Seul candidat en lice, il a obtenu <strong>99,77 % des voix exprim\u00e9es<\/strong> lors d\u2019un <strong>congr\u00e8s extraordinaire<\/strong> organis\u00e9 sur 45 sites \u00e0 travers le pays.<\/p>\n\n\n\n<p>Cette r\u00e9\u00e9lection intervient dans un contexte marqu\u00e9 par une <strong>bataille judiciaire<\/strong> autour de sa l\u00e9gitimit\u00e9 et de sa nationalit\u00e9 ivoirienne. Depuis son accession \u00e0 la t\u00eate du PDCI en d\u00e9cembre 2023, l\u2019ancien patron du <strong>Credit Suisse<\/strong> fait face \u00e0 des contestations, notamment de la part de <strong>Val\u00e9rie Yapo<\/strong>, ex-membre du bureau politique du parti, qui a saisi la justice pour faire annuler son \u00e9lection.<\/p>\n\n\n\n<p>L\u2019enjeu principal repose sur la question de sa <strong>nationalit\u00e9<\/strong> : selon la militante, Tidjane Thiam n\u2019\u00e9tait plus Ivoirien au moment de son \u00e9lection, ayant acquis la nationalit\u00e9 fran\u00e7aise en 1987. Cependant, en mars 2025, il a officiellement renonc\u00e9 \u00e0 sa citoyennet\u00e9 fran\u00e7aise, retrouvant ainsi son statut d\u2019Ivoirien.<\/p>\n\n\n\n<p>Cette r\u00e9\u00e9lection, qui pr\u00e9c\u00e8de de <strong>24 heures<\/strong> le verdict du tribunal de premi\u00e8re instance d\u2019Abidjan-Plateau sur cette affaire, appara\u00eet comme une <strong>man\u0153uvre politique<\/strong> visant \u00e0 consolider son leadership et \u00e0 anticiper une \u00e9ventuelle d\u00e9cision judiciaire d\u00e9favorable.<\/p>\n\n\n\n<p>Toutefois, malgr\u00e9 cette victoire interne, <strong>son in\u00e9ligibilit\u00e9 \u00e0 la pr\u00e9sidentielle du 25 octobre 2025 demeure<\/strong>. La justice ivoirienne l\u2019a radi\u00e9 des listes \u00e9lectorales, estimant qu\u2019il n\u2019\u00e9tait pas Ivoirien au moment de son inscription en 2022.<\/p>\n\n\n\n<p>Alors que le PDCI affiche son unit\u00e9 autour de son leader, la question reste ouverte : cette r\u00e9\u00e9lection suffira-t-elle \u00e0 renforcer sa position dans le paysage politique ivoirien ?<\/p>\n\n\n\n<p>Claude Guy<\/p>\n\n\n\n<p><\/p>\n","protected":false},"excerpt":{"rendered":"<p>Le mercredi 14 mai 2025, Tidjane Thiam a \u00e9t\u00e9 r\u00e9\u00e9lu \u00e0 la pr\u00e9sidence du Parti d\u00e9mocratique de C\u00f4te d\u2019Ivoire (PDCI), seulement 72 heures apr\u00e8s sa d\u00e9mission. Seul candidat en lice, il a obtenu 99,77 % des voix exprim\u00e9es lors d\u2019un congr\u00e8s extraordinaire organis\u00e9 sur 45 sites \u00e0 travers le pays. Cette r\u00e9\u00e9lection intervient dans un [&hellip;]<\/p>\n","protected":false},"author":2,"featured_media":16243,"comment_status":"open","ping_status":"open","sticky":false,"template":"","format":"standard","meta":{"footnotes":""},"categories":[2,23],"tags":[],"class_list":["post-16242","post","type-post","status-publish","format-standard","has-post-thumbnail","hentry","category-nos-une","category-politique"],"_links":{"self":[{"href":"https:\/\/www.infoline.ci\/index.php?rest_route=\/wp\/v2\/posts\/16242","targetHints":{"allow":["GET"]}}],"collection":[{"href":"https:\/\/www.infoline.ci\/index.php?rest_route=\/wp\/v2\/posts"}],"about":[{"href":"https:\/\/www.infoline.ci\/index.php?rest_route=\/wp\/v2\/types\/post"}],"author":[{"embeddable":true,"href":"https:\/\/www.infoline.ci\/index.php?rest_route=\/wp\/v2\/users\/2"}],"replies":[{"embeddable":true,"href":"https:\/\/www.infoline.ci\/index.php?rest_route=%2Fwp%2Fv2%2Fcomments&post=16242"}],"version-history":[{"count":1,"href":"https:\/\/www.infoline.ci\/index.php?rest_route=\/wp\/v2\/posts\/16242\/revisions"}],"predecessor-version":[{"id":16244,"href":"https:\/\/www.infoline.ci\/index.php?rest_route=\/wp\/v2\/posts\/16242\/revisions\/16244"}],"wp:featuredmedia":[{"embeddable":true,"href":"https:\/\/www.infoline.ci\/index.php?rest_route=\/wp\/v2\/media\/16243"}],"wp:attachment":[{"href":"https:\/\/www.infoline.ci\/index.php?rest_route=%2Fwp%2Fv2%2Fmedia&parent=16242"}],"wp:term":[{"taxonomy":"category","embeddable":true,"href":"https:\/\/www.infoline.ci\/index.php?rest_route=%2Fwp%2Fv2%2Fcategories&post=16242"},{"taxonomy":"post_tag","embeddable":true,"href":"https:\/\/www.infoline.ci\/index.php?rest_route=%2Fwp%2Fv2%2Ftags&post=16242"}],"curies":[{"name":"wp","href":"https:\/\/api.w.org\/{rel}","templated":true}]}}