{"id":16233,"date":"2025-05-15T08:10:20","date_gmt":"2025-05-15T08:10:20","guid":{"rendered":"https:\/\/www.infoline.ci\/?p=16233"},"modified":"2025-05-15T08:10:23","modified_gmt":"2025-05-15T08:10:23","slug":"unesco-et-cote-divoire-un-partenariat-educatif-au-service-de-lavenir","status":"publish","type":"post","link":"https:\/\/www.infoline.ci\/?p=16233","title":{"rendered":"Unesco et C\u00f4te d\u2019Ivoire : Un partenariat \u00e9ducatif au service de l\u2019avenir"},"content":{"rendered":"\n<p>Le 13 mai, Abidjan a \u00e9t\u00e9 le th\u00e9\u00e2tre d\u2019une rencontre strat\u00e9gique entre Mariatou Kon\u00e9, ministre de l\u2019\u00c9ducation nationale et de l\u2019Alphab\u00e9tisation, et Oumar Diop, repr\u00e9sentant r\u00e9sident de l\u2019Unesco. Au c\u0153ur des \u00e9changes : l\u2019engagement renouvel\u00e9 de l\u2019Unesco dans la refonte curriculaire, visant \u00e0 adapter l\u2019\u00e9ducation aux r\u00e9alit\u00e9s contemporaines et aux ambitions de d\u00e9veloppement.<\/p>\n\n\n\n<p>Dans cette dynamique, Abidjan accueillera prochainement deux rencontres internationales majeures sous l\u2019\u00e9gide de la ministre, r\u00e9unissant une quarantaine de pays du 19 au 27 mai. Ces travaux mettront en lumi\u00e8re trois th\u00e9matiques essentielles : l\u2019histoire g\u00e9n\u00e9rale du continent africain, l\u2019identit\u00e9 culturelle et la revue des programmes de sant\u00e9 reproductive.<\/p>\n\n\n\n<p>Plus qu\u2019un simple \u00e9v\u00e9nement, cette initiative traduit la volont\u00e9 d\u2019unir expertise et engagement politique pour une \u00e9ducation inclusive et ancr\u00e9e dans les r\u00e9alit\u00e9s africaines. En pr\u00e9sence de Jean Bosco Ky, chef du secteur \u00e9ducation de l\u2019Unesco \u00e0 Abidjan, les discussions ont soulign\u00e9 l\u2019importance d\u2019une coop\u00e9ration renforc\u00e9e pour b\u00e2tir un enseignement qui pr\u00e9pare efficacement les citoyens de demain.<\/p>\n\n\n\n<p>Kon\u00e9 Yaya<\/p>\n","protected":false},"excerpt":{"rendered":"<p>Le 13 mai, Abidjan a \u00e9t\u00e9 le th\u00e9\u00e2tre d\u2019une rencontre strat\u00e9gique entre Mariatou Kon\u00e9, ministre de l\u2019\u00c9ducation nationale et de l\u2019Alphab\u00e9tisation, et Oumar Diop, repr\u00e9sentant r\u00e9sident de l\u2019Unesco. Au c\u0153ur des \u00e9changes : l\u2019engagement renouvel\u00e9 de l\u2019Unesco dans la refonte curriculaire, visant \u00e0 adapter l\u2019\u00e9ducation aux r\u00e9alit\u00e9s contemporaines et aux ambitions de d\u00e9veloppement. Dans cette [&hellip;]<\/p>\n","protected":false},"author":2,"featured_media":16234,"comment_status":"open","ping_status":"open","sticky":false,"template":"","format":"standard","meta":{"footnotes":""},"categories":[24],"tags":[],"class_list":["post-16233","post","type-post","status-publish","format-standard","has-post-thumbnail","hentry","category-societe"],"_links":{"self":[{"href":"https:\/\/www.infoline.ci\/index.php?rest_route=\/wp\/v2\/posts\/16233","targetHints":{"allow":["GET"]}}],"collection":[{"href":"https:\/\/www.infoline.ci\/index.php?rest_route=\/wp\/v2\/posts"}],"about":[{"href":"https:\/\/www.infoline.ci\/index.php?rest_route=\/wp\/v2\/types\/post"}],"author":[{"embeddable":true,"href":"https:\/\/www.infoline.ci\/index.php?rest_route=\/wp\/v2\/users\/2"}],"replies":[{"embeddable":true,"href":"https:\/\/www.infoline.ci\/index.php?rest_route=%2Fwp%2Fv2%2Fcomments&post=16233"}],"version-history":[{"count":1,"href":"https:\/\/www.infoline.ci\/index.php?rest_route=\/wp\/v2\/posts\/16233\/revisions"}],"predecessor-version":[{"id":16235,"href":"https:\/\/www.infoline.ci\/index.php?rest_route=\/wp\/v2\/posts\/16233\/revisions\/16235"}],"wp:featuredmedia":[{"embeddable":true,"href":"https:\/\/www.infoline.ci\/index.php?rest_route=\/wp\/v2\/media\/16234"}],"wp:attachment":[{"href":"https:\/\/www.infoline.ci\/index.php?rest_route=%2Fwp%2Fv2%2Fmedia&parent=16233"}],"wp:term":[{"taxonomy":"category","embeddable":true,"href":"https:\/\/www.infoline.ci\/index.php?rest_route=%2Fwp%2Fv2%2Fcategories&post=16233"},{"taxonomy":"post_tag","embeddable":true,"href":"https:\/\/www.infoline.ci\/index.php?rest_route=%2Fwp%2Fv2%2Ftags&post=16233"}],"curies":[{"name":"wp","href":"https:\/\/api.w.org\/{rel}","templated":true}]}}