{"id":16147,"date":"2025-04-29T13:35:00","date_gmt":"2025-04-29T13:35:00","guid":{"rendered":"https:\/\/www.infoline.ci\/?p=16147"},"modified":"2025-04-29T20:56:14","modified_gmt":"2025-04-29T20:56:14","slug":"cote-divoire-2025-une-locomotive-economique-en-pleine-transformation","status":"publish","type":"post","link":"https:\/\/www.infoline.ci\/?p=16147","title":{"rendered":"C\u00f4te d\u2019Ivoire 2025 : Une locomotive \u00e9conomique en pleine transformation"},"content":{"rendered":"\n<p><strong>Abidjan, 29 avril 2025<\/strong> \u2013 La C\u00f4te d\u2019Ivoire continue de s\u2019affirmer comme un mod\u00e8le de modernit\u00e9 \u00e9conomique et de solidarit\u00e9 sociale en Afrique de l\u2019Ouest. <\/p>\n\n\n\n<p>Avec une croissance parmi les plus soutenues du continent, le pays r\u00e9colte les fruits d\u2019une politique volontariste amorc\u00e9e en 2012, ax\u00e9e sur des r\u00e9formes structurelles ambitieuses et des investissements strat\u00e9giques.<\/p>\n\n\n\n<h4 class=\"wp-block-heading\">Une croissance planifi\u00e9e et r\u00e9siliente<\/h4>\n\n\n\n<p>La croissance \u00e9conomique ivoirienne, loin d\u2019\u00eatre le fruit du hasard, repose sur une planification rigoureuse et une stabilit\u00e9 macro\u00e9conomique exemplaire. <\/p>\n\n\n\n<p>Depuis plus d\u2019une d\u00e9cennie, le pays a su maintenir un cadre propice \u00e0 l\u2019investissement, attirant aussi bien les capitaux publics que priv\u00e9s. <\/p>\n\n\n\n<p>Selon le Fonds mon\u00e9taire international (FMI), la C\u00f4te d\u2019Ivoire devrait d\u00e9passer les 7 % de taux de croissance dans les deux prochaines ann\u00e9es, consolidant ainsi sa position de leader \u00e9conomique au sein de l\u2019Union \u00e9conomique et mon\u00e9taire ouest-africaine (UEMOA).<\/p>\n\n\n\n<h4 class=\"wp-block-heading\">Une \u00e9conomie diversifi\u00e9e et dynamique<\/h4>\n\n\n\n<p>Premi\u00e8re puissance \u00e9conomique de l\u2019UEMOA, la C\u00f4te d\u2019Ivoire s\u2019appuie sur une \u00e9conomie diversifi\u00e9e. L\u2019agriculture, pilier historique, continue de cro\u00eetre gr\u00e2ce \u00e0 des capacit\u00e9s accrues de transformation locale. <\/p>\n\n\n\n<p>En 2022, le pays a broy\u00e9 734 485 tonnes de f\u00e8ves de cacao, un chiffre en hausse de 16,1 %, et ambitionne d\u2019atteindre 770 000 tonnes cette ann\u00e9e. <\/p>\n\n\n\n<p>De m\u00eame, la transformation de la noix de cajou a atteint 21,8 % en 2022, pla\u00e7ant la C\u00f4te d\u2019Ivoire parmi les leaders mondiaux dans ce secteur.<\/p>\n\n\n\n<h4 class=\"wp-block-heading\">Une transition \u00e9nerg\u00e9tique ambitieuse<\/h4>\n\n\n\n<p>Le pays investit \u00e9galement dans le secteur \u00e9nerg\u00e9tique, avec une puissance install\u00e9e d\u2019\u00e9nergie \u00e9lectrique presque doubl\u00e9e entre 2010 et 2021. <\/p>\n\n\n\n<p>La C\u00f4te d\u2019Ivoire vise 42 % d\u2019\u00e9nergie renouvelable d\u2019ici 2030, gr\u00e2ce \u00e0 des projets tels que la centrale solaire de Boundiali et les barrages hydro\u00e9lectriques de Gribo-Popoli et Singrobo-Ahouaty.<\/p>\n\n\n\n<h4 class=\"wp-block-heading\">Une vision pour 2030<\/h4>\n\n\n\n<p>Avec l\u2019objectif de devenir une \u00e9conomie \u00e0 revenu interm\u00e9diaire de la tranche sup\u00e9rieure d\u2019ici 2030, la C\u00f4te d\u2019Ivoire mise sur une transformation \u00e9conomique et sociale inclusive. <\/p>\n\n\n\n<p>Le Plan National de D\u00e9veloppement (PND) 2021-2025, mobilisant 59 000 milliards de FCFA, illustre cette ambition en renfor\u00e7ant les infrastructures, en am\u00e9liorant les conditions de vie et en promouvant l\u2019emploi, notamment pour les jeunes et les femmes.<\/p>\n\n\n\n<p>La C\u00f4te d\u2019Ivoire 2025 incarne une Afrique en mouvement, o\u00f9 modernit\u00e9 \u00e9conomique et solidarit\u00e9 sociale se conjuguent pour b\u00e2tir un avenir prometteur.<\/p>\n\n\n\n<p>Carlos All\u00e9luia<\/p>\n","protected":false},"excerpt":{"rendered":"<p>Abidjan, 29 avril 2025 \u2013 La C\u00f4te d\u2019Ivoire continue de s\u2019affirmer comme un mod\u00e8le de modernit\u00e9 \u00e9conomique et de solidarit\u00e9 sociale en Afrique de l\u2019Ouest. Avec une croissance parmi les plus soutenues du continent, le pays r\u00e9colte les fruits d\u2019une politique volontariste amorc\u00e9e en 2012, ax\u00e9e sur des r\u00e9formes structurelles ambitieuses et des investissements strat\u00e9giques. [&hellip;]<\/p>\n","protected":false},"author":2,"featured_media":16150,"comment_status":"open","ping_status":"open","sticky":false,"template":"","format":"standard","meta":{"footnotes":""},"categories":[21],"tags":[],"class_list":["post-16147","post","type-post","status-publish","format-standard","has-post-thumbnail","hentry","category-economie"],"_links":{"self":[{"href":"https:\/\/www.infoline.ci\/index.php?rest_route=\/wp\/v2\/posts\/16147","targetHints":{"allow":["GET"]}}],"collection":[{"href":"https:\/\/www.infoline.ci\/index.php?rest_route=\/wp\/v2\/posts"}],"about":[{"href":"https:\/\/www.infoline.ci\/index.php?rest_route=\/wp\/v2\/types\/post"}],"author":[{"embeddable":true,"href":"https:\/\/www.infoline.ci\/index.php?rest_route=\/wp\/v2\/users\/2"}],"replies":[{"embeddable":true,"href":"https:\/\/www.infoline.ci\/index.php?rest_route=%2Fwp%2Fv2%2Fcomments&post=16147"}],"version-history":[{"count":1,"href":"https:\/\/www.infoline.ci\/index.php?rest_route=\/wp\/v2\/posts\/16147\/revisions"}],"predecessor-version":[{"id":16149,"href":"https:\/\/www.infoline.ci\/index.php?rest_route=\/wp\/v2\/posts\/16147\/revisions\/16149"}],"wp:featuredmedia":[{"embeddable":true,"href":"https:\/\/www.infoline.ci\/index.php?rest_route=\/wp\/v2\/media\/16150"}],"wp:attachment":[{"href":"https:\/\/www.infoline.ci\/index.php?rest_route=%2Fwp%2Fv2%2Fmedia&parent=16147"}],"wp:term":[{"taxonomy":"category","embeddable":true,"href":"https:\/\/www.infoline.ci\/index.php?rest_route=%2Fwp%2Fv2%2Fcategories&post=16147"},{"taxonomy":"post_tag","embeddable":true,"href":"https:\/\/www.infoline.ci\/index.php?rest_route=%2Fwp%2Fv2%2Ftags&post=16147"}],"curies":[{"name":"wp","href":"https:\/\/api.w.org\/{rel}","templated":true}]}}