{"id":16144,"date":"2025-04-29T13:15:57","date_gmt":"2025-04-29T13:15:57","guid":{"rendered":"https:\/\/www.infoline.ci\/?p=16144"},"modified":"2025-04-29T13:16:01","modified_gmt":"2025-04-29T13:16:01","slug":"tidjane-thiam-une-clarification-sur-sa-nationalite-ivoirienne","status":"publish","type":"post","link":"https:\/\/www.infoline.ci\/?p=16144","title":{"rendered":"Tidjane Thiam : Une clarification sur sa nationalit\u00e9 ivoirienne"},"content":{"rendered":"\n<p><strong>Abidjan, 28 avril 2025<\/strong> \u2013 Lors d&rsquo;une conf\u00e9rence de presse tenue \u00e0 la salle des pas perdus du Tribunal de premi\u00e8re instance d&rsquo;Abidjan, le Magistrat hors hi\u00e9rarchie Augustin Kouam\u00e9 Yao, directeur des affaires civiles et p\u00e9nales du minist\u00e8re de la Justice et des Droits de l\u2019Homme, a apport\u00e9 des \u00e9claircissements sur la situation juridique de Tidjane Thiam.<\/p>\n\n\n\n<p> Il a affirm\u00e9 avec insistance que \u00ab M. Thiam n\u2019a jamais \u00e9t\u00e9 apatride et n\u2019est pas apatride parce qu\u2019il est indiscutablement ivoirien selon le code de la nationalit\u00e9 ivoirienne \u00bb.<\/p>\n\n\n\n<h4 class=\"wp-block-heading\">Une d\u00e9finition juridique pr\u00e9cise<\/h4>\n\n\n\n<p>S&rsquo;appuyant sur la Convention de 1954 relative au statut des apatrides, Augustin Kouam\u00e9 Yao a rappel\u00e9 que l&rsquo;apatridie est d\u00e9finie comme l&rsquo;absence de reconnaissance par tout \u00c9tat de la nationalit\u00e9 d&rsquo;une personne. <\/p>\n\n\n\n<p>En d&rsquo;autres termes, un apatride est une personne sans nationalit\u00e9. Selon lui, cette d\u00e9finition ne s&rsquo;applique pas \u00e0 Tidjane Thiam, qui, bien qu&rsquo;ayant acquis la nationalit\u00e9 fran\u00e7aise en 1987, a toujours conserv\u00e9 un lien juridique avec la C\u00f4te d&rsquo;Ivoire.<\/p>\n\n\n\n<h4 class=\"wp-block-heading\">Une nationalit\u00e9 retrouv\u00e9e automatiquement<\/h4>\n\n\n\n<p>Le Magistrat a expliqu\u00e9 que Tidjane Thiam, n\u00e9 Ivoirien par le droit du sang, a recouvr\u00e9 automatiquement sa nationalit\u00e9 ivoirienne apr\u00e8s avoir renonc\u00e9 \u00e0 sa nationalit\u00e9 fran\u00e7aise le 19 mars 2025. <\/p>\n\n\n\n<p>Cette r\u00e9cup\u00e9ration s&rsquo;est faite sans formalit\u00e9, conform\u00e9ment au principe du parall\u00e9lisme des formes. \u00ab De m\u00eame qu\u2019il a perdu sa nationalit\u00e9 ivoirienne d\u2019origine de fa\u00e7on automatique par l\u2019effet de l\u2019acquisition de la nationalit\u00e9 fran\u00e7aise, de m\u00eame, il recouvre sa nationalit\u00e9 ivoirienne automatiquement \u00bb, a-t-il pr\u00e9cis\u00e9.<\/p>\n\n\n\n<h4 class=\"wp-block-heading\">Une filiation intacte<\/h4>\n\n\n\n<p>Augustin Kouam\u00e9 Yao a \u00e9galement soulign\u00e9 que la naturalisation fran\u00e7aise de Tidjane Thiam n&rsquo;a jamais annul\u00e9 sa filiation ivoirienne. Par cons\u00e9quent, il n&rsquo;a pas besoin d&rsquo;un d\u00e9cret de r\u00e9int\u00e9gration pour \u00eatre reconnu comme Ivoirien. <\/p>\n\n\n\n<p>\u00ab Le certificat de nationalit\u00e9 ne donne pas la nationalit\u00e9, il prouve simplement que son d\u00e9tenteur l&rsquo;a d\u00e9j\u00e0 par filiation, adoption, mariage ou autre \u00bb, a-t-il ajout\u00e9.<\/p>\n\n\n\n<h4 class=\"wp-block-heading\">Une r\u00e9ponse aux sp\u00e9culations intervient dans un contexte de d\u00e9bats sur la situation de Tidjane Thiam, notamment apr\u00e8s sa radiation de la liste \u00e9lectorale. Le Magistrat a qualifi\u00e9 d&rsquo;erron\u00e9es les affirmations selon lesquelles M. Thiam serait devenu apatride, insistant sur le fait que sa nationalit\u00e9 ivoirienne est indiscutable.<\/h4>\n\n\n\n<p>Avec cette d\u00e9claration, le magistrat du minist\u00e8re de la Justice met fin aux sp\u00e9culations et r\u00e9affirme le statut juridique de Tidjane Thiam en tant qu&rsquo;Ivoirien. Cette pr\u00e9cision est cruciale \u00e0 l&rsquo;approche des \u00e9ch\u00e9ances \u00e9lectorales, o\u00f9 M. Thiam reste une figure politique influente.<\/p>\n\n\n\n<p>Kone Yaya<\/p>\n","protected":false},"excerpt":{"rendered":"<p>Abidjan, 28 avril 2025 \u2013 Lors d&rsquo;une conf\u00e9rence de presse tenue \u00e0 la salle des pas perdus du Tribunal de premi\u00e8re instance d&rsquo;Abidjan, le Magistrat hors hi\u00e9rarchie Augustin Kouam\u00e9 Yao, directeur des affaires civiles et p\u00e9nales du minist\u00e8re de la Justice et des Droits de l\u2019Homme, a apport\u00e9 des \u00e9claircissements sur la situation juridique de [&hellip;]<\/p>\n","protected":false},"author":2,"featured_media":16145,"comment_status":"open","ping_status":"open","sticky":false,"template":"","format":"standard","meta":{"footnotes":""},"categories":[23],"tags":[],"class_list":["post-16144","post","type-post","status-publish","format-standard","has-post-thumbnail","hentry","category-politique"],"_links":{"self":[{"href":"https:\/\/www.infoline.ci\/index.php?rest_route=\/wp\/v2\/posts\/16144","targetHints":{"allow":["GET"]}}],"collection":[{"href":"https:\/\/www.infoline.ci\/index.php?rest_route=\/wp\/v2\/posts"}],"about":[{"href":"https:\/\/www.infoline.ci\/index.php?rest_route=\/wp\/v2\/types\/post"}],"author":[{"embeddable":true,"href":"https:\/\/www.infoline.ci\/index.php?rest_route=\/wp\/v2\/users\/2"}],"replies":[{"embeddable":true,"href":"https:\/\/www.infoline.ci\/index.php?rest_route=%2Fwp%2Fv2%2Fcomments&post=16144"}],"version-history":[{"count":1,"href":"https:\/\/www.infoline.ci\/index.php?rest_route=\/wp\/v2\/posts\/16144\/revisions"}],"predecessor-version":[{"id":16146,"href":"https:\/\/www.infoline.ci\/index.php?rest_route=\/wp\/v2\/posts\/16144\/revisions\/16146"}],"wp:featuredmedia":[{"embeddable":true,"href":"https:\/\/www.infoline.ci\/index.php?rest_route=\/wp\/v2\/media\/16145"}],"wp:attachment":[{"href":"https:\/\/www.infoline.ci\/index.php?rest_route=%2Fwp%2Fv2%2Fmedia&parent=16144"}],"wp:term":[{"taxonomy":"category","embeddable":true,"href":"https:\/\/www.infoline.ci\/index.php?rest_route=%2Fwp%2Fv2%2Fcategories&post=16144"},{"taxonomy":"post_tag","embeddable":true,"href":"https:\/\/www.infoline.ci\/index.php?rest_route=%2Fwp%2Fv2%2Ftags&post=16144"}],"curies":[{"name":"wp","href":"https:\/\/api.w.org\/{rel}","templated":true}]}}