{"id":15937,"date":"2025-04-01T17:16:47","date_gmt":"2025-04-01T17:16:47","guid":{"rendered":"https:\/\/www.infoline.ci\/?p=15937"},"modified":"2025-04-01T17:19:50","modified_gmt":"2025-04-01T17:19:50","slug":"cote-divoire-annonce-pour-mort-par-la-presse-francaise-alassane-ouattara-de-retour-a-abidjan","status":"publish","type":"post","link":"https:\/\/www.infoline.ci\/?p=15937","title":{"rendered":"C\u00f4te d&rsquo;Ivoire : Annonc\u00e9 pour mort par la presse Fran\u00e7aise, Alassane Ouattara de retour \u00e0 Abidjan"},"content":{"rendered":"\n<p>Le lundi 31 mars 2025,  la presse Fran\u00e7aise et les r\u00e9seaux sociaux ivoiriens ont \u00e9t\u00e9 secou\u00e9s par une vague de d\u00e9sinformation annon\u00e7ant le d\u00e9c\u00e8s du pr\u00e9sident Alassane Ouattara. Cette fausse nouvelle, propag\u00e9e \u00e0 une vitesse fulgurante, a suscit\u00e9 une vive inqui\u00e9tude parmi les citoyens et au-del\u00e0 des fronti\u00e8res nationales.<\/p>\n\n\n\n<p>Cependant, la v\u00e9rit\u00e9 n\u2019a pas tard\u00e9 \u00e0 \u00e9merger. En fin de journ\u00e9e, des images diffus\u00e9es par la pr\u00e9sidence ivoirienne ont confirm\u00e9 le retour du pr\u00e9sident Ouattara \u00e0 Abidjan. Accueilli chaleureusement \u00e0 l\u2019a\u00e9roport F\u00e9lix Houphou\u00ebt-Boigny par le vice-pr\u00e9sident Ti\u00e9moko Meyliet Kon\u00e9, le chef de l\u2019\u00c9tat est apparu en pleine forme, mettant ainsi un terme aux sp\u00e9culations.<\/p>\n\n\n\n<p>Cet \u00e9pisode souligne une fois de plus les dangers de la d\u00e9sinformation \u00e0 l\u2019\u00e8re num\u00e9rique. Les fausses nouvelles, souvent amplifi\u00e9es par les r\u00e9seaux sociaux, peuvent semer la panique et \u00e9roder la confiance du public. Il est donc essentiel pour les citoyens de v\u00e9rifier les informations aupr\u00e8s de sources fiables avant de les partager.<\/p>\n\n\n\n<p>En C\u00f4te d\u2019Ivoire, cet incident a \u00e9galement mis en lumi\u00e8re la r\u00e9silience des institutions et la capacit\u00e9 des autorit\u00e9s \u00e0 r\u00e9agir rapidement pour r\u00e9tablir la v\u00e9rit\u00e9. Le pr\u00e9sident Ouattara, en d\u00e9pit des rumeurs, continue d\u2019incarner la stabilit\u00e9 et la continuit\u00e9 au sein du pays.<\/p>\n\n\n\n<p>Alors que les Ivoiriens tournent la page de cet \u00e9v\u00e9nement, une question demeure : comment renforcer la lutte contre la d\u00e9sinformation pour prot\u00e9ger la coh\u00e9sion sociale et la confiance publique ? Une r\u00e9flexion collective s\u2019impose pour b\u00e2tir un \u00e9cosyst\u00e8me m\u00e9diatique plus robuste et responsable.<\/p>\n\n\n\n<p>Carlos All\u00e9luia<\/p>\n","protected":false},"excerpt":{"rendered":"<p>Le lundi 31 mars 2025, la presse Fran\u00e7aise et les r\u00e9seaux sociaux ivoiriens ont \u00e9t\u00e9 secou\u00e9s par une vague de d\u00e9sinformation annon\u00e7ant le d\u00e9c\u00e8s du pr\u00e9sident Alassane Ouattara. Cette fausse nouvelle, propag\u00e9e \u00e0 une vitesse fulgurante, a suscit\u00e9 une vive inqui\u00e9tude parmi les citoyens et au-del\u00e0 des fronti\u00e8res nationales. Cependant, la v\u00e9rit\u00e9 n\u2019a pas tard\u00e9 [&hellip;]<\/p>\n","protected":false},"author":2,"featured_media":15938,"comment_status":"open","ping_status":"open","sticky":false,"template":"","format":"standard","meta":{"footnotes":""},"categories":[32,2,23],"tags":[],"class_list":["post-15937","post","type-post","status-publish","format-standard","has-post-thumbnail","hentry","category-afrique","category-nos-une","category-politique"],"_links":{"self":[{"href":"https:\/\/www.infoline.ci\/index.php?rest_route=\/wp\/v2\/posts\/15937","targetHints":{"allow":["GET"]}}],"collection":[{"href":"https:\/\/www.infoline.ci\/index.php?rest_route=\/wp\/v2\/posts"}],"about":[{"href":"https:\/\/www.infoline.ci\/index.php?rest_route=\/wp\/v2\/types\/post"}],"author":[{"embeddable":true,"href":"https:\/\/www.infoline.ci\/index.php?rest_route=\/wp\/v2\/users\/2"}],"replies":[{"embeddable":true,"href":"https:\/\/www.infoline.ci\/index.php?rest_route=%2Fwp%2Fv2%2Fcomments&post=15937"}],"version-history":[{"count":2,"href":"https:\/\/www.infoline.ci\/index.php?rest_route=\/wp\/v2\/posts\/15937\/revisions"}],"predecessor-version":[{"id":15941,"href":"https:\/\/www.infoline.ci\/index.php?rest_route=\/wp\/v2\/posts\/15937\/revisions\/15941"}],"wp:featuredmedia":[{"embeddable":true,"href":"https:\/\/www.infoline.ci\/index.php?rest_route=\/wp\/v2\/media\/15938"}],"wp:attachment":[{"href":"https:\/\/www.infoline.ci\/index.php?rest_route=%2Fwp%2Fv2%2Fmedia&parent=15937"}],"wp:term":[{"taxonomy":"category","embeddable":true,"href":"https:\/\/www.infoline.ci\/index.php?rest_route=%2Fwp%2Fv2%2Fcategories&post=15937"},{"taxonomy":"post_tag","embeddable":true,"href":"https:\/\/www.infoline.ci\/index.php?rest_route=%2Fwp%2Fv2%2Ftags&post=15937"}],"curies":[{"name":"wp","href":"https:\/\/api.w.org\/{rel}","templated":true}]}}