{"id":15708,"date":"2025-03-21T12:06:24","date_gmt":"2025-03-21T12:06:24","guid":{"rendered":"https:\/\/www.infoline.ci\/?p=15708"},"modified":"2025-03-21T12:06:27","modified_gmt":"2025-03-21T12:06:27","slug":"la-haca-met-en-garde-france-24-pour-un-traitement-desequilibre-sur-la-cote-divoire","status":"publish","type":"post","link":"https:\/\/www.infoline.ci\/?p=15708","title":{"rendered":"La HACA met en garde France 24 pour un traitement \u00ab\u00a0d\u00e9s\u00e9quilibr\u00e9\u00a0\u00bb sur la C\u00f4te d&rsquo;Ivoire"},"content":{"rendered":"\n<p>Dans un r\u00e9cent d\u00e9veloppement, la Haute autorit\u00e9 de la Communication audiovisuelle (HACA) en C\u00f4te d&rsquo;Ivoire a adress\u00e9 un avertissement officiel \u00e0 la cha\u00eene de t\u00e9l\u00e9vision fran\u00e7aise France 24. Cette d\u00e9cision fait suite \u00e0 la diffusion d\u2019un reportage intitul\u00e9 \u00ab\u00a0Le tabou de l&rsquo;immigration irr\u00e9guli\u00e8re\u00a0\u00bb, jug\u00e9 \u00ab\u00a0d\u00e9s\u00e9quilibr\u00e9 et tendancieux\u00a0\u00bb par l\u2019institution ivoirienne.<\/p>\n\n\n\n<p>Selon un communiqu\u00e9 publi\u00e9 par la HACA et consult\u00e9 par Abidjan.net le 20 mars 2025, le reportage, diffus\u00e9 le 11 mars 2025 et sign\u00e9 par la journaliste Charlotte Boitieux, contient des affirmations que l\u2019autorit\u00e9 consid\u00e8re comme inexactes et d\u00e9valorisantes. Notamment, la journaliste aurait affirm\u00e9 que les retomb\u00e9es de la croissance \u00e9conomique en C\u00f4te d\u2019Ivoire ne b\u00e9n\u00e9ficient qu\u2019\u00e0 une infime partie de la population, d\u00e9peignant un pays marqu\u00e9 par une fracture entre riches et pauvres, sans classe moyenne.<\/p>\n\n\n\n<p>La HACA conteste vivement ces propos, qu\u2019elle qualifie de \u00ab\u00a0contrev\u00e9rit\u00e9 absolue\u00a0\u00bb. Elle r\u00e9fute \u00e9galement l\u2019affirmation selon laquelle 80 % de l\u2019\u00e9conomie ivoirienne serait informelle. L\u2019autorit\u00e9 critique \u00e9galement le manque d\u2019\u00e9quilibre dans le traitement journalistique, regrettant que le reportage ne donne pas la parole aux autorit\u00e9s ivoiriennes. Selon la HACA, ce parti pris pourrait laisser croire que les autorit\u00e9s sont passives face \u00e0 l\u2019immigration irr\u00e9guli\u00e8re, ce qui ne refl\u00e8te pas la r\u00e9alit\u00e9.<\/p>\n\n\n\n<p>En cons\u00e9quence, la HACA a exhort\u00e9 France 24 \u00e0 faire preuve de davantage de vigilance dans ses futurs reportages et \u00e0 respecter les principes d\u00e9ontologiques de la profession. Cet avertissement marque un rappel \u00e0 l&rsquo;ordre pour une couverture m\u00e9diatique plus objective et \u00e9quilibr\u00e9e, notamment sur des sujets sensibles touchant \u00e0 la C\u00f4te d\u2019Ivoire.<\/p>\n\n\n\n<p>En tant que r\u00e9gulateur, la HACA souligne l&rsquo;importance d&rsquo;une information \u00e9quitable, qui contribue \u00e0 une meilleure compr\u00e9hension des enjeux locaux et internationaux, tout en respectant la dignit\u00e9 et les r\u00e9alit\u00e9s des pays concern\u00e9s.<\/p>\n\n\n\n<p>Carlos All\u00e9luia <\/p>\n","protected":false},"excerpt":{"rendered":"<p>Dans un r\u00e9cent d\u00e9veloppement, la Haute autorit\u00e9 de la Communication audiovisuelle (HACA) en C\u00f4te d&rsquo;Ivoire a adress\u00e9 un avertissement officiel \u00e0 la cha\u00eene de t\u00e9l\u00e9vision fran\u00e7aise France 24. Cette d\u00e9cision fait suite \u00e0 la diffusion d\u2019un reportage intitul\u00e9 \u00ab\u00a0Le tabou de l&rsquo;immigration irr\u00e9guli\u00e8re\u00a0\u00bb, jug\u00e9 \u00ab\u00a0d\u00e9s\u00e9quilibr\u00e9 et tendancieux\u00a0\u00bb par l\u2019institution ivoirienne. Selon un communiqu\u00e9 publi\u00e9 par [&hellip;]<\/p>\n","protected":false},"author":2,"featured_media":15709,"comment_status":"open","ping_status":"open","sticky":false,"template":"","format":"standard","meta":{"footnotes":""},"categories":[19],"tags":[],"class_list":["post-15708","post","type-post","status-publish","format-standard","has-post-thumbnail","hentry","category-culture"],"_links":{"self":[{"href":"https:\/\/www.infoline.ci\/index.php?rest_route=\/wp\/v2\/posts\/15708","targetHints":{"allow":["GET"]}}],"collection":[{"href":"https:\/\/www.infoline.ci\/index.php?rest_route=\/wp\/v2\/posts"}],"about":[{"href":"https:\/\/www.infoline.ci\/index.php?rest_route=\/wp\/v2\/types\/post"}],"author":[{"embeddable":true,"href":"https:\/\/www.infoline.ci\/index.php?rest_route=\/wp\/v2\/users\/2"}],"replies":[{"embeddable":true,"href":"https:\/\/www.infoline.ci\/index.php?rest_route=%2Fwp%2Fv2%2Fcomments&post=15708"}],"version-history":[{"count":1,"href":"https:\/\/www.infoline.ci\/index.php?rest_route=\/wp\/v2\/posts\/15708\/revisions"}],"predecessor-version":[{"id":15710,"href":"https:\/\/www.infoline.ci\/index.php?rest_route=\/wp\/v2\/posts\/15708\/revisions\/15710"}],"wp:featuredmedia":[{"embeddable":true,"href":"https:\/\/www.infoline.ci\/index.php?rest_route=\/wp\/v2\/media\/15709"}],"wp:attachment":[{"href":"https:\/\/www.infoline.ci\/index.php?rest_route=%2Fwp%2Fv2%2Fmedia&parent=15708"}],"wp:term":[{"taxonomy":"category","embeddable":true,"href":"https:\/\/www.infoline.ci\/index.php?rest_route=%2Fwp%2Fv2%2Fcategories&post=15708"},{"taxonomy":"post_tag","embeddable":true,"href":"https:\/\/www.infoline.ci\/index.php?rest_route=%2Fwp%2Fv2%2Ftags&post=15708"}],"curies":[{"name":"wp","href":"https:\/\/api.w.org\/{rel}","templated":true}]}}