{"id":15338,"date":"2025-02-06T14:14:58","date_gmt":"2025-02-06T14:14:58","guid":{"rendered":"https:\/\/www.infoline.ci\/?p=15338"},"modified":"2025-02-06T14:15:00","modified_gmt":"2025-02-06T14:15:00","slug":"cote-divoire-le-procureur-requiert-20-ans-de-prison-contre-damana-adia-pickass","status":"publish","type":"post","link":"https:\/\/www.infoline.ci\/?p=15338","title":{"rendered":"C\u00f4te d&rsquo;Ivoire : Le procureur requiert 20 ans de prison contre Damana Adia Pickass"},"content":{"rendered":"\n<p><strong>Abidjan, le 6 f\u00e9vrier 2025<\/strong> &#8211; Apr\u00e8s plusieurs mois de proc\u00e8s marqu\u00e9s par des tensions et des reports successifs, le procureur de la R\u00e9publique, Braman Kon\u00e9, a requis une peine de 20 ans de prison contre Damana Adia Pickass, 2e vice-pr\u00e9sident du Parti des peuples africains-C\u00f4te d&rsquo;Ivoire (PPA-CI).<\/p>\n\n\n\n<p>Le principal accus\u00e9, ainsi que ses quatre co-pr\u00e9venus, est poursuivi pour plusieurs chefs d&rsquo;accusation, notamment atteinte \u00e0 la d\u00e9fense nationale, atteinte \u00e0 la s\u00fbret\u00e9 de l\u2019Etat, association de malfaiteurs, assassinats, mercenariat et d\u00e9tention ill\u00e9gale d&rsquo;armes \u00e0 feu.<\/p>\n\n\n\n<p><strong>Un proc\u00e8s sous haute tension<\/strong><\/p>\n\n\n\n<p>Depuis l\u2019ouverture de ce proc\u00e8s, l&rsquo;affaire suscite une vive attention m\u00e9diatique et politique. Les audiences initialement pr\u00e9vues les 5 et 6 d\u00e9cembre 2024 ont connu plusieurs reports avant de finalement aboutir aux r\u00e9quisitions du parquet.<\/p>\n\n\n\n<p>Outre la peine de 20 ans de prison ferme, le procureur a requis une amende de 10 millions de francs CFA ainsi qu\u2019une privation de ses droits civiques pour une dur\u00e9e de dix ans. Cette sanction toucherait \u00e9galement ses co-accus\u00e9s, tous jug\u00e9s pour des faits similaires.<\/p>\n\n\n\n<p><strong>La d\u00e9fense d\u00e9nonce un proc\u00e8s politique<\/strong><\/p>\n\n\n\n<p>Les avocats de la d\u00e9fense ont fermement rejet\u00e9 les accusations port\u00e9es contre leur client, qualifiant le proc\u00e8s de \u00ab\u00a0politique\u00a0\u00bb et mettant en cause l\u2019absence de preuves tangibles \u00e0 l\u2019encontre de Damana Pickass. Ils ont plaid\u00e9 pour un acquittement pur et simple, estimant que l\u2019affaire repose sur des accusations infond\u00e9es visant \u00e0 affaiblir l\u2019opposition politique.<\/p>\n\n\n\n<p><strong>Un verdict tr\u00e8s attendu<\/strong><\/p>\n\n\n\n<p>Le tribunal rendra son verdict le 12 f\u00e9vrier 2025. Quelle que soit l\u2019issue du jugement, cette d\u00e9cision judiciaire risque d\u2019avoir un impact majeur sur le climat politique en C\u00f4te d\u2019Ivoire, \u00e0 quelques mois des prochaines \u00e9ch\u00e9ances \u00e9lectorales.<\/p>\n\n\n\n<p>L\u2019affaire continue de diviser l\u2019opinion publique, entre ceux qui estiment que la justice fait son travail et ceux qui y voient une tentative de museler l\u2019opposition. En attendant le verdict, l\u2019avenir politique de Damana Adia Pickass reste incertain.<\/p>\n\n\n\n<p>Carlos All\u00e9luia<\/p>\n\n\n\n<p><\/p>\n","protected":false},"excerpt":{"rendered":"<p>Abidjan, le 6 f\u00e9vrier 2025 &#8211; Apr\u00e8s plusieurs mois de proc\u00e8s marqu\u00e9s par des tensions et des reports successifs, le procureur de la R\u00e9publique, Braman Kon\u00e9, a requis une peine de 20 ans de prison contre Damana Adia Pickass, 2e vice-pr\u00e9sident du Parti des peuples africains-C\u00f4te d&rsquo;Ivoire (PPA-CI). Le principal accus\u00e9, ainsi que ses quatre [&hellip;]<\/p>\n","protected":false},"author":2,"featured_media":15339,"comment_status":"open","ping_status":"open","sticky":false,"template":"","format":"standard","meta":{"footnotes":""},"categories":[23],"tags":[],"class_list":["post-15338","post","type-post","status-publish","format-standard","has-post-thumbnail","hentry","category-politique"],"_links":{"self":[{"href":"https:\/\/www.infoline.ci\/index.php?rest_route=\/wp\/v2\/posts\/15338","targetHints":{"allow":["GET"]}}],"collection":[{"href":"https:\/\/www.infoline.ci\/index.php?rest_route=\/wp\/v2\/posts"}],"about":[{"href":"https:\/\/www.infoline.ci\/index.php?rest_route=\/wp\/v2\/types\/post"}],"author":[{"embeddable":true,"href":"https:\/\/www.infoline.ci\/index.php?rest_route=\/wp\/v2\/users\/2"}],"replies":[{"embeddable":true,"href":"https:\/\/www.infoline.ci\/index.php?rest_route=%2Fwp%2Fv2%2Fcomments&post=15338"}],"version-history":[{"count":1,"href":"https:\/\/www.infoline.ci\/index.php?rest_route=\/wp\/v2\/posts\/15338\/revisions"}],"predecessor-version":[{"id":15340,"href":"https:\/\/www.infoline.ci\/index.php?rest_route=\/wp\/v2\/posts\/15338\/revisions\/15340"}],"wp:featuredmedia":[{"embeddable":true,"href":"https:\/\/www.infoline.ci\/index.php?rest_route=\/wp\/v2\/media\/15339"}],"wp:attachment":[{"href":"https:\/\/www.infoline.ci\/index.php?rest_route=%2Fwp%2Fv2%2Fmedia&parent=15338"}],"wp:term":[{"taxonomy":"category","embeddable":true,"href":"https:\/\/www.infoline.ci\/index.php?rest_route=%2Fwp%2Fv2%2Fcategories&post=15338"},{"taxonomy":"post_tag","embeddable":true,"href":"https:\/\/www.infoline.ci\/index.php?rest_route=%2Fwp%2Fv2%2Ftags&post=15338"}],"curies":[{"name":"wp","href":"https:\/\/api.w.org\/{rel}","templated":true}]}}