{"id":15008,"date":"2025-01-19T18:38:26","date_gmt":"2025-01-19T18:38:26","guid":{"rendered":"https:\/\/www.infoline.ci\/?p=15008"},"modified":"2025-01-19T18:38:30","modified_gmt":"2025-01-19T18:38:30","slug":"atelier-national-pour-le-developpement-du-transport-aerien-en-cote-divoire-un-pilier-de-la-croissance-economique","status":"publish","type":"post","link":"https:\/\/www.infoline.ci\/?p=15008","title":{"rendered":"Atelier National pour le D\u00e9veloppement du Transport A\u00e9rien en C\u00f4te d&rsquo;Ivoire : Un Pilier de la Croissance \u00c9conomique"},"content":{"rendered":"\n<p>Le transport a\u00e9rien, moteur de la croissance \u00e9conomique ivoirienne, b\u00e9n\u00e9ficiera d&rsquo;une attention particuli\u00e8re lors d&rsquo;un atelier national de consultation des acteurs et des usagers, les 23 et 24 janvier 2025 \u00e0 Abidjan. Cet \u00e9v\u00e9nement, plac\u00e9 sous l&rsquo;\u00e9gide du minist\u00e8re des Transports, rassemblera une centaine de participants issus de compagnies a\u00e9riennes, agences de voyage, entreprises du secteur, institutions publiques et usagers.<\/p>\n\n\n\n<p>Selon une note du service de communication du minist\u00e8re des Transports, le trafic passager \u00e0 l\u2019a\u00e9roport international F\u00e9lix Houphou\u00ebt-Boigny d\u2019Abidjan a connu une augmentation spectaculaire de 171,1% entre 2020 et 2024, atteignant 2,53 millions de voyageurs. La compagnie nationale Air C\u00f4te d\u2019Ivoire a \u00e9galement affich\u00e9 des r\u00e9sultats encourageants avec un b\u00e9n\u00e9fice de 658 millions de Fcfa en 2023.<\/p>\n\n\n\n<p>Cet atelier a pour objectif de d\u00e9velopper une politique nationale du transport a\u00e9rien r\u00e9pondant aux d\u00e9fis actuels, notamment l\u2019am\u00e9lioration de la connectivit\u00e9, le renforcement de la s\u00e9curit\u00e9, la ma\u00eetrise des co\u00fbts et la prise en compte des attentes des voyageurs. En outre, il vise \u00e0 positionner la C\u00f4te d\u2019Ivoire comme un acteur comp\u00e9titif sur la sc\u00e8ne internationale.<\/p>\n\n\n\n<p>Les participants auront l&rsquo;opportunit\u00e9 de discuter des enjeux cruciaux du secteur, tels que la ma\u00eetrise des tarifs pour rendre le transport a\u00e9rien plus accessible, le d\u00e9veloppement du trafic fret et touristique, ainsi que l\u2019am\u00e9lioration de l\u2019exp\u00e9rience client et des droits des usagers.<\/p>\n\n\n\n<p>Cet atelier s\u2019inscrit dans la vision du Pr\u00e9sident de la R\u00e9publique, Alassane Ouattara, et est mis en \u0153uvre par le Premier ministre, ministre des Sports et du cadre de vie, Robert Beugr\u00e9 Mamb\u00e9. Ce rendez-vous marque une \u00e9tape essentielle vers un avenir prosp\u00e8re pour le secteur a\u00e9rien en C\u00f4te d&rsquo;Ivoire.<\/p>\n\n\n\n<p>Kon\u00e9 Yaya<\/p>\n","protected":false},"excerpt":{"rendered":"<p>Le transport a\u00e9rien, moteur de la croissance \u00e9conomique ivoirienne, b\u00e9n\u00e9ficiera d&rsquo;une attention particuli\u00e8re lors d&rsquo;un atelier national de consultation des acteurs et des usagers, les 23 et 24 janvier 2025 \u00e0 Abidjan. Cet \u00e9v\u00e9nement, plac\u00e9 sous l&rsquo;\u00e9gide du minist\u00e8re des Transports, rassemblera une centaine de participants issus de compagnies a\u00e9riennes, agences de voyage, entreprises du [&hellip;]<\/p>\n","protected":false},"author":2,"featured_media":15009,"comment_status":"open","ping_status":"open","sticky":false,"template":"","format":"standard","meta":{"footnotes":""},"categories":[21],"tags":[],"class_list":["post-15008","post","type-post","status-publish","format-standard","has-post-thumbnail","hentry","category-economie"],"_links":{"self":[{"href":"https:\/\/www.infoline.ci\/index.php?rest_route=\/wp\/v2\/posts\/15008","targetHints":{"allow":["GET"]}}],"collection":[{"href":"https:\/\/www.infoline.ci\/index.php?rest_route=\/wp\/v2\/posts"}],"about":[{"href":"https:\/\/www.infoline.ci\/index.php?rest_route=\/wp\/v2\/types\/post"}],"author":[{"embeddable":true,"href":"https:\/\/www.infoline.ci\/index.php?rest_route=\/wp\/v2\/users\/2"}],"replies":[{"embeddable":true,"href":"https:\/\/www.infoline.ci\/index.php?rest_route=%2Fwp%2Fv2%2Fcomments&post=15008"}],"version-history":[{"count":1,"href":"https:\/\/www.infoline.ci\/index.php?rest_route=\/wp\/v2\/posts\/15008\/revisions"}],"predecessor-version":[{"id":15010,"href":"https:\/\/www.infoline.ci\/index.php?rest_route=\/wp\/v2\/posts\/15008\/revisions\/15010"}],"wp:featuredmedia":[{"embeddable":true,"href":"https:\/\/www.infoline.ci\/index.php?rest_route=\/wp\/v2\/media\/15009"}],"wp:attachment":[{"href":"https:\/\/www.infoline.ci\/index.php?rest_route=%2Fwp%2Fv2%2Fmedia&parent=15008"}],"wp:term":[{"taxonomy":"category","embeddable":true,"href":"https:\/\/www.infoline.ci\/index.php?rest_route=%2Fwp%2Fv2%2Fcategories&post=15008"},{"taxonomy":"post_tag","embeddable":true,"href":"https:\/\/www.infoline.ci\/index.php?rest_route=%2Fwp%2Fv2%2Ftags&post=15008"}],"curies":[{"name":"wp","href":"https:\/\/api.w.org\/{rel}","templated":true}]}}