{"id":15005,"date":"2025-01-19T18:30:02","date_gmt":"2025-01-19T18:30:02","guid":{"rendered":"https:\/\/www.infoline.ci\/?p=15005"},"modified":"2025-01-19T18:30:04","modified_gmt":"2025-01-19T18:30:04","slug":"reunion-strategique-pour-deguerpir-les-garages-anarchiques-a-abidjan-un-pas-vers-une-discipline-urbaine-renforcee","status":"publish","type":"post","link":"https:\/\/www.infoline.ci\/?p=15005","title":{"rendered":"R\u00e9union strat\u00e9gique pour d\u00e9guerpir les garages anarchiques \u00e0 Abidjan : Un pas vers une discipline urbaine renforc\u00e9e"},"content":{"rendered":"\n<p>Le 17 janvier 2025, Gildas Simy, Directeur de Cabinet Adjoint du Minist\u00e8re de l&rsquo;Hydraulique, de l&rsquo;Assainissement et de la Salubrit\u00e9, a pr\u00e9sid\u00e9 une r\u00e9union strat\u00e9gique \u00e0 Abidjan-Plateau. Cette rencontre a rassembl\u00e9 les Directeurs Techniques des 13 communes du District autonome d\u2019Abidjan ainsi que les op\u00e9rateurs remorqueurs impliqu\u00e9s dans l\u2019op\u00e9ration de d\u00e9guerpissement des garages anarchiques.<\/p>\n\n\n\n<p>L&rsquo;objectif principal de cette r\u00e9union \u00e9tait de recueillir les observations et propositions des diff\u00e9rents acteurs afin de r\u00e9ajuster et de pr\u00e9ciser le calendrier des interventions \u00e0 venir, une \u00e9tape essentielle pour le bon d\u00e9roulement des op\u00e9rations. Apr\u00e8s l\u2019intervention r\u00e9ussie \u00e0 Treichville la semaine derni\u00e8re, les prochaines \u00e9tapes du calendrier sont fix\u00e9es comme suit :<\/p>\n\n\n\n<p>Cocody : du 20 au 26 janvier 2025<\/p>\n\n\n\n<p>Bingerville : du 27 janvier au 2 f\u00e9vrier 2025<\/p>\n\n\n\n<p>Abobo : du 3 au 9 f\u00e9vrier 2025<\/p>\n\n\n\n<p>Adjam\u00e9 et Plateau : du 10 au 16 f\u00e9vrier 2025<\/p>\n\n\n\n<p>Marcory : du 17 au 23 f\u00e9vrier 2025<\/p>\n\n\n\n<p>Koumassi : du 24 f\u00e9vrier au 2 mars 2025<\/p>\n\n\n\n<p>Att\u00e9coub\u00e9 : du 3 au 9 mars 2025<\/p>\n\n\n\n<p>Port-Bou\u00ebt : du 10 au 16 mars 2025<\/p>\n\n\n\n<p>Anyama : du 17 au 23 mars 2025<\/p>\n\n\n\n<p>Songon : du 24 au 30 mars 2025<\/p>\n\n\n\n<p>Yopougon : du 31 mars au 6 avril 2025<\/p>\n\n\n\n<p>Ces interventions visent \u00e0 lib\u00e9rer les espaces publics des installations ill\u00e9gales qui perturbent la circulation et entravent la salubrit\u00e9. Elles marquent \u00e9galement la d\u00e9termination des autorit\u00e9s \u00e0 renforcer la discipline urbaine et \u00e0 am\u00e9liorer le cadre de vie des populations.<\/p>\n\n\n\n<p>Le Minist\u00e8re, en collaboration avec les mairies concern\u00e9es, appelle \u00e0 la coop\u00e9ration des propri\u00e9taires de garages pour assurer un d\u00e9roulement harmonieux des op\u00e9rations. Cette initiative souligne l&rsquo;engagement des autorit\u00e9s locales \u00e0 promouvoir un environnement plus propre et plus organis\u00e9 pour les habitants du district d&rsquo;Abidjan.<\/p>\n\n\n\n<p>Carlos All\u00e9luia<\/p>\n\n\n\n<p><\/p>\n","protected":false},"excerpt":{"rendered":"<p>Le 17 janvier 2025, Gildas Simy, Directeur de Cabinet Adjoint du Minist\u00e8re de l&rsquo;Hydraulique, de l&rsquo;Assainissement et de la Salubrit\u00e9, a pr\u00e9sid\u00e9 une r\u00e9union strat\u00e9gique \u00e0 Abidjan-Plateau. Cette rencontre a rassembl\u00e9 les Directeurs Techniques des 13 communes du District autonome d\u2019Abidjan ainsi que les op\u00e9rateurs remorqueurs impliqu\u00e9s dans l\u2019op\u00e9ration de d\u00e9guerpissement des garages anarchiques. L&rsquo;objectif [&hellip;]<\/p>\n","protected":false},"author":2,"featured_media":15006,"comment_status":"open","ping_status":"open","sticky":false,"template":"","format":"standard","meta":{"footnotes":""},"categories":[24],"tags":[],"class_list":["post-15005","post","type-post","status-publish","format-standard","has-post-thumbnail","hentry","category-societe"],"_links":{"self":[{"href":"https:\/\/www.infoline.ci\/index.php?rest_route=\/wp\/v2\/posts\/15005","targetHints":{"allow":["GET"]}}],"collection":[{"href":"https:\/\/www.infoline.ci\/index.php?rest_route=\/wp\/v2\/posts"}],"about":[{"href":"https:\/\/www.infoline.ci\/index.php?rest_route=\/wp\/v2\/types\/post"}],"author":[{"embeddable":true,"href":"https:\/\/www.infoline.ci\/index.php?rest_route=\/wp\/v2\/users\/2"}],"replies":[{"embeddable":true,"href":"https:\/\/www.infoline.ci\/index.php?rest_route=%2Fwp%2Fv2%2Fcomments&post=15005"}],"version-history":[{"count":1,"href":"https:\/\/www.infoline.ci\/index.php?rest_route=\/wp\/v2\/posts\/15005\/revisions"}],"predecessor-version":[{"id":15007,"href":"https:\/\/www.infoline.ci\/index.php?rest_route=\/wp\/v2\/posts\/15005\/revisions\/15007"}],"wp:featuredmedia":[{"embeddable":true,"href":"https:\/\/www.infoline.ci\/index.php?rest_route=\/wp\/v2\/media\/15006"}],"wp:attachment":[{"href":"https:\/\/www.infoline.ci\/index.php?rest_route=%2Fwp%2Fv2%2Fmedia&parent=15005"}],"wp:term":[{"taxonomy":"category","embeddable":true,"href":"https:\/\/www.infoline.ci\/index.php?rest_route=%2Fwp%2Fv2%2Fcategories&post=15005"},{"taxonomy":"post_tag","embeddable":true,"href":"https:\/\/www.infoline.ci\/index.php?rest_route=%2Fwp%2Fv2%2Ftags&post=15005"}],"curies":[{"name":"wp","href":"https:\/\/api.w.org\/{rel}","templated":true}]}}