{"id":14890,"date":"2025-01-01T19:20:19","date_gmt":"2025-01-01T19:20:19","guid":{"rendered":"https:\/\/www.infoline.ci\/?p=14890"},"modified":"2025-01-01T19:20:22","modified_gmt":"2025-01-01T19:20:22","slug":"message-du-president-du-fpi-je-devine-la-tentation-de-la-fuite-en-avant","status":"publish","type":"post","link":"https:\/\/www.infoline.ci\/?p=14890","title":{"rendered":"Message du pr\u00e9sident du FPI\/ Je devine la tentation de la fuite en avant&#8230;.."},"content":{"rendered":"\n<p>PR\u00c9SIDENTIELLE D&rsquo;OCTOBRE 2025, LE CANDIDAT DU Front Populaire Ivoirien  ADRESSE UN MESSAGE FORT AU PR\u00c9SIDENT DE LA R\u00c9PUBLIQUE DE C\u00f4te d&rsquo;Ivoire.\u00a0\u00bbJe devine la tentation de la fuite en avant du Chef de l\u2019Etat et de ses partisans. Face \u00e0 l\u2019exigence d\u2019un n\u00e9cessaire dialogue politique, ils privil\u00e9gient le dilatoire et observent un mutisme pr\u00e9occupant. Je les appelle \u00e0 la sagesse.La sagesse, c\u2019est aussi pour le Chef de l\u2019Etat, se rappeler que la constitution, la raison et ses propres engagements, lui imposent en 2025 de dire au revoir au pouvoir.Je lui demande de nous \u00e9pargner de nouvelles tensions politiques, de nous \u00e9viter de nouvelles souffrances.  Je l\u2019appelle solennellement \u00e0 la sagesse.La sagesse passe par le respect de nos Institutions.La sagesse, c\u2019est savoir poser des actes de coh\u00e9sion, de fraternit\u00e9 et d\u2019unit\u00e9.La sagesse, c\u2019est ne pas s\u2019obstiner quand son temps est pass\u00e9.La sagesse, c\u2019est de ne pas faire semblant de croire qu\u2019il suffirait d\u2019affubler la constitution d\u2019un nouveau chiffre pour s\u2019assurer une pr\u00e9sidence \u00e0 vie.En 2025, nous saurons si n\u00e9cessaire rappeler que ces temps sont r\u00e9volus. Nous saurons si n\u00e9cessaire marteler que le pouvoir n\u2019est pas la propri\u00e9t\u00e9 d\u2019une personne et d\u2019un clan, qui seraient en droit de le confisquer en interpr\u00e9tant la Constitution au gr\u00e9 de leurs int\u00e9r\u00eats, adoss\u00e9s \u00e0 la violence d\u2019Etat.\u00a0\u00bb<\/p>\n\n\n\n<p>PASCAL AFFI N&rsquo;GUESSAN Pr\u00e9sident, Candidat du Front Populaire Ivoirien (FPI)<\/p>\n","protected":false},"excerpt":{"rendered":"<p>PR\u00c9SIDENTIELLE D&rsquo;OCTOBRE 2025, LE CANDIDAT DU Front Populaire Ivoirien ADRESSE UN MESSAGE FORT AU PR\u00c9SIDENT DE LA R\u00c9PUBLIQUE DE C\u00f4te d&rsquo;Ivoire.\u00a0\u00bbJe devine la tentation de la fuite en avant du Chef de l\u2019Etat et de ses partisans. Face \u00e0 l\u2019exigence d\u2019un n\u00e9cessaire dialogue politique, ils privil\u00e9gient le dilatoire et observent un mutisme pr\u00e9occupant. Je les [&hellip;]<\/p>\n","protected":false},"author":2,"featured_media":14891,"comment_status":"open","ping_status":"open","sticky":false,"template":"","format":"standard","meta":{"footnotes":""},"categories":[23],"tags":[],"class_list":["post-14890","post","type-post","status-publish","format-standard","has-post-thumbnail","hentry","category-politique"],"_links":{"self":[{"href":"https:\/\/www.infoline.ci\/index.php?rest_route=\/wp\/v2\/posts\/14890","targetHints":{"allow":["GET"]}}],"collection":[{"href":"https:\/\/www.infoline.ci\/index.php?rest_route=\/wp\/v2\/posts"}],"about":[{"href":"https:\/\/www.infoline.ci\/index.php?rest_route=\/wp\/v2\/types\/post"}],"author":[{"embeddable":true,"href":"https:\/\/www.infoline.ci\/index.php?rest_route=\/wp\/v2\/users\/2"}],"replies":[{"embeddable":true,"href":"https:\/\/www.infoline.ci\/index.php?rest_route=%2Fwp%2Fv2%2Fcomments&post=14890"}],"version-history":[{"count":1,"href":"https:\/\/www.infoline.ci\/index.php?rest_route=\/wp\/v2\/posts\/14890\/revisions"}],"predecessor-version":[{"id":14892,"href":"https:\/\/www.infoline.ci\/index.php?rest_route=\/wp\/v2\/posts\/14890\/revisions\/14892"}],"wp:featuredmedia":[{"embeddable":true,"href":"https:\/\/www.infoline.ci\/index.php?rest_route=\/wp\/v2\/media\/14891"}],"wp:attachment":[{"href":"https:\/\/www.infoline.ci\/index.php?rest_route=%2Fwp%2Fv2%2Fmedia&parent=14890"}],"wp:term":[{"taxonomy":"category","embeddable":true,"href":"https:\/\/www.infoline.ci\/index.php?rest_route=%2Fwp%2Fv2%2Fcategories&post=14890"},{"taxonomy":"post_tag","embeddable":true,"href":"https:\/\/www.infoline.ci\/index.php?rest_route=%2Fwp%2Fv2%2Ftags&post=14890"}],"curies":[{"name":"wp","href":"https:\/\/api.w.org\/{rel}","templated":true}]}}