{"id":14774,"date":"2024-12-22T12:50:09","date_gmt":"2024-12-22T12:50:09","guid":{"rendered":"https:\/\/www.infoline.ci\/?p=14774"},"modified":"2024-12-22T12:50:20","modified_gmt":"2024-12-22T12:50:20","slug":"mission-du-secretariat-executif-du-comite-de-concertation-etat-secteur-prive-a-san-pedro","status":"publish","type":"post","link":"https:\/\/www.infoline.ci\/?p=14774","title":{"rendered":"Mission du Secr\u00e9tariat Ex\u00e9cutif du Comit\u00e9 de Concertation \u00c9tat\/Secteur Priv\u00e9 \u00e0 San Pedro"},"content":{"rendered":"\n<p><strong>San Pedro, 20 d\u00e9cembre 2024<\/strong> \u2013 Une d\u00e9l\u00e9gation du Secr\u00e9tariat ex\u00e9cutif du Comit\u00e9 de concertation \u00c9tat\/secteur priv\u00e9 (Se-Ccesp) a s\u00e9journ\u00e9 \u00e0 San Pedro du lundi 16 au vendredi 20 d\u00e9cembre 2024. Cette mission s\u2019inscrit dans le cadre du suivi des activit\u00e9s du Comit\u00e9 local de concertation \u00c9tat\/secteur priv\u00e9 (Clcesp) de San Pedro, mis en place depuis le 21 d\u00e9cembre 2019 dans cette cit\u00e9 baln\u00e9aire, deuxi\u00e8me poumon \u00e9conomique de la C\u00f4te d\u2019Ivoire.<\/p>\n\n\n\n<p>L&rsquo;objectif principal de cette mission \u00e9tait de suivre le traitement des pr\u00e9occupations du secteur priv\u00e9 et de promouvoir les r\u00e9formes \u00e9conomiques ainsi que les instruments d\u2019appui mis en place en faveur des op\u00e9rateurs \u00e9conomiques. Des actions d\u2019information et de sensibilisation ont \u00e9t\u00e9 men\u00e9es pour atteindre ces objectifs.<\/p>\n\n\n\n<h4 class=\"wp-block-heading\">Focus Groups Th\u00e9matiques pour les Acteurs \u00c9conomiques<\/h4>\n\n\n\n<p>La premi\u00e8re rencontre a eu lieu le mardi 17 d\u00e9cembre 2024 \u00e0 l\u2019h\u00f4tel Degny Plage, r\u00e9unissant les acteurs du commerce autour de la r\u00e9glementation en vigueur. Anim\u00e9e par Akpangni Amani, directeur r\u00e9gional du Commerce et de l\u2019Industrie, cette session a permis de remettre au go\u00fbt du jour les normes relatives \u00e0 la r\u00e9pression des fraudes, \u00e0 la m\u00e9trologie et \u00e0 la concurrence.<\/p>\n\n\n\n<p>En outre, un focus a \u00e9t\u00e9 fait sur les proc\u00e9dures de contr\u00f4les r\u00e9alis\u00e9es par les agents du minist\u00e8re, les droits et obligations des commer\u00e7ants, ainsi que sur la r\u00e9forme de la carte des commer\u00e7ants. Ces discussions ont \u00e9t\u00e9 essentielles pour clarifier les attentes et les responsabilit\u00e9s des acteurs \u00e9conomiques locaux.<\/p>\n\n\n\n<h4 class=\"wp-block-heading\">Renforcement des Capacit\u00e9s et Sensibilisation<\/h4>\n\n\n\n<p>Tout au long de la semaine, des ateliers et des sessions de formation ont \u00e9t\u00e9 organis\u00e9s pour renforcer les capacit\u00e9s des acteurs \u00e9conomiques de San Pedro. Ces initiatives visent \u00e0 am\u00e9liorer la compr\u00e9hension des r\u00e9formes \u00e9conomiques et \u00e0 encourager une meilleure collaboration entre le secteur priv\u00e9 et les autorit\u00e9s publiques.<\/p>\n\n\n\n<p>La mission du Se-Ccesp \u00e0 San Pedro a \u00e9t\u00e9 un succ\u00e8s, marquant une \u00e9tape importante dans le renforcement des relations entre l&rsquo;\u00c9tat et le secteur priv\u00e9. Les participants ont exprim\u00e9 leur satisfaction quant aux \u00e9changes fructueux et aux informations partag\u00e9es, qui contribueront \u00e0 une meilleure gouvernance \u00e9conomique locale.<\/p>\n\n\n\n<p>Kon\u00e9 Yaya<\/p>\n\n\n\n<p><\/p>\n","protected":false},"excerpt":{"rendered":"<p>San Pedro, 20 d\u00e9cembre 2024 \u2013 Une d\u00e9l\u00e9gation du Secr\u00e9tariat ex\u00e9cutif du Comit\u00e9 de concertation \u00c9tat\/secteur priv\u00e9 (Se-Ccesp) a s\u00e9journ\u00e9 \u00e0 San Pedro du lundi 16 au vendredi 20 d\u00e9cembre 2024. Cette mission s\u2019inscrit dans le cadre du suivi des activit\u00e9s du Comit\u00e9 local de concertation \u00c9tat\/secteur priv\u00e9 (Clcesp) de San Pedro, mis en place [&hellip;]<\/p>\n","protected":false},"author":2,"featured_media":14775,"comment_status":"open","ping_status":"open","sticky":false,"template":"","format":"standard","meta":{"footnotes":""},"categories":[21],"tags":[],"class_list":["post-14774","post","type-post","status-publish","format-standard","has-post-thumbnail","hentry","category-economie"],"_links":{"self":[{"href":"https:\/\/www.infoline.ci\/index.php?rest_route=\/wp\/v2\/posts\/14774","targetHints":{"allow":["GET"]}}],"collection":[{"href":"https:\/\/www.infoline.ci\/index.php?rest_route=\/wp\/v2\/posts"}],"about":[{"href":"https:\/\/www.infoline.ci\/index.php?rest_route=\/wp\/v2\/types\/post"}],"author":[{"embeddable":true,"href":"https:\/\/www.infoline.ci\/index.php?rest_route=\/wp\/v2\/users\/2"}],"replies":[{"embeddable":true,"href":"https:\/\/www.infoline.ci\/index.php?rest_route=%2Fwp%2Fv2%2Fcomments&post=14774"}],"version-history":[{"count":1,"href":"https:\/\/www.infoline.ci\/index.php?rest_route=\/wp\/v2\/posts\/14774\/revisions"}],"predecessor-version":[{"id":14776,"href":"https:\/\/www.infoline.ci\/index.php?rest_route=\/wp\/v2\/posts\/14774\/revisions\/14776"}],"wp:featuredmedia":[{"embeddable":true,"href":"https:\/\/www.infoline.ci\/index.php?rest_route=\/wp\/v2\/media\/14775"}],"wp:attachment":[{"href":"https:\/\/www.infoline.ci\/index.php?rest_route=%2Fwp%2Fv2%2Fmedia&parent=14774"}],"wp:term":[{"taxonomy":"category","embeddable":true,"href":"https:\/\/www.infoline.ci\/index.php?rest_route=%2Fwp%2Fv2%2Fcategories&post=14774"},{"taxonomy":"post_tag","embeddable":true,"href":"https:\/\/www.infoline.ci\/index.php?rest_route=%2Fwp%2Fv2%2Ftags&post=14774"}],"curies":[{"name":"wp","href":"https:\/\/api.w.org\/{rel}","templated":true}]}}