{"id":14396,"date":"2024-11-26T11:52:50","date_gmt":"2024-11-26T11:52:50","guid":{"rendered":"https:\/\/www.infoline.ci\/?p=14396"},"modified":"2024-11-26T11:52:51","modified_gmt":"2024-11-26T11:52:51","slug":"special-olympics-cote-divoire-la-journee-internationale-des-personnes-handicapees-au-coeur-de-la-mini-competition","status":"publish","type":"post","link":"https:\/\/www.infoline.ci\/?p=14396","title":{"rendered":"SPECIAL OLYMPICS C\u00d4TE D&rsquo;IVOIRE : LA JOURN\u00c9E INTERNATIONALE DES PERSONNES HANDICAP\u00c9ES AU C\u0152UR DE LA MINI-COMPETITION."},"content":{"rendered":"\n<p>Dans le cadre de ses activit\u00e9s de fin d&rsquo;ann\u00e9e, Special Olympics C\u00f4te d&rsquo;Ivoire (SOCI) organise une mini comp\u00e9tition, le samedi 7 d\u00e9cembre prochain dans la commune de Yopougon.<\/p>\n\n\n\n<p>Cette activit\u00e9 qui s&rsquo;inscrit dans la dynamique de la c\u00e9l\u00e9bration de la journ\u00e9e internationale des personnes handicap\u00e9es c\u00e9l\u00e9br\u00e9e tous les 3 d\u00e9cembre, regroupera les sous-programmes (ligues) du grand Abidjan. Plusieurs disciplines sportives telles que, le football, basketball, badminton, bocce, athl\u00e9tisme etc\u2026 seront au c\u0153ur de cette comp\u00e9tition qui plante le d\u00e9cor sur les prochains jeux nationaux de C\u00f4te d&rsquo;Ivoire.<\/p>\n\n\n\n<p>Organis\u00e9 par la direction ex\u00e9cutive de SOCI en collaboration avec le comit\u00e9 des parents d&rsquo;athl\u00e8tes de Special Olympics C\u00f4te (COPASOCI), ce rendez-vous d&rsquo;\u00e9valuation des athl\u00e8tes sera aussi marqu\u00e9 par le renouvellement des instances du COPASOCI.<\/p>\n\n\n\n<p>Special Olympics C\u00f4te d&rsquo;Ivoire est un mouvement qui met en lumi\u00e8re les personnes en situation de handicap intellectuel par le sport, la sant\u00e9 et la culture.<\/p>\n\n\n\n<p>Arnaud GASA<\/p>\n\n\n\n<p><\/p>\n","protected":false},"excerpt":{"rendered":"<p>Dans le cadre de ses activit\u00e9s de fin d&rsquo;ann\u00e9e, Special Olympics C\u00f4te d&rsquo;Ivoire (SOCI) organise une mini comp\u00e9tition, le samedi 7 d\u00e9cembre prochain dans la commune de Yopougon. Cette activit\u00e9 qui s&rsquo;inscrit dans la dynamique de la c\u00e9l\u00e9bration de la journ\u00e9e internationale des personnes handicap\u00e9es c\u00e9l\u00e9br\u00e9e tous les 3 d\u00e9cembre, regroupera les sous-programmes (ligues) du [&hellip;]<\/p>\n","protected":false},"author":2,"featured_media":14393,"comment_status":"open","ping_status":"open","sticky":false,"template":"","format":"standard","meta":{"footnotes":""},"categories":[25],"tags":[],"class_list":["post-14396","post","type-post","status-publish","format-standard","has-post-thumbnail","hentry","category-sports"],"_links":{"self":[{"href":"https:\/\/www.infoline.ci\/index.php?rest_route=\/wp\/v2\/posts\/14396","targetHints":{"allow":["GET"]}}],"collection":[{"href":"https:\/\/www.infoline.ci\/index.php?rest_route=\/wp\/v2\/posts"}],"about":[{"href":"https:\/\/www.infoline.ci\/index.php?rest_route=\/wp\/v2\/types\/post"}],"author":[{"embeddable":true,"href":"https:\/\/www.infoline.ci\/index.php?rest_route=\/wp\/v2\/users\/2"}],"replies":[{"embeddable":true,"href":"https:\/\/www.infoline.ci\/index.php?rest_route=%2Fwp%2Fv2%2Fcomments&post=14396"}],"version-history":[{"count":1,"href":"https:\/\/www.infoline.ci\/index.php?rest_route=\/wp\/v2\/posts\/14396\/revisions"}],"predecessor-version":[{"id":14397,"href":"https:\/\/www.infoline.ci\/index.php?rest_route=\/wp\/v2\/posts\/14396\/revisions\/14397"}],"wp:featuredmedia":[{"embeddable":true,"href":"https:\/\/www.infoline.ci\/index.php?rest_route=\/wp\/v2\/media\/14393"}],"wp:attachment":[{"href":"https:\/\/www.infoline.ci\/index.php?rest_route=%2Fwp%2Fv2%2Fmedia&parent=14396"}],"wp:term":[{"taxonomy":"category","embeddable":true,"href":"https:\/\/www.infoline.ci\/index.php?rest_route=%2Fwp%2Fv2%2Fcategories&post=14396"},{"taxonomy":"post_tag","embeddable":true,"href":"https:\/\/www.infoline.ci\/index.php?rest_route=%2Fwp%2Fv2%2Ftags&post=14396"}],"curies":[{"name":"wp","href":"https:\/\/api.w.org\/{rel}","templated":true}]}}