{"id":1415,"date":"2018-03-15T07:46:48","date_gmt":"2018-03-15T07:46:48","guid":{"rendered":"http:\/\/www.infoline.ci\/?p=1415"},"modified":"2018-03-15T07:46:48","modified_gmt":"2018-03-15T07:46:48","slug":"exportation-cafe-conseil-cafe-cacao-annonce-mesures","status":"publish","type":"post","link":"https:\/\/www.infoline.ci\/?p=1415","title":{"rendered":"Exportation du Caf\u00e9 : le conseil du caf\u00e9 cacao annonce des mesures"},"content":{"rendered":"<p>Dans un communiqu\u00e9 de presse dont infoline.ci a eu copie hier mercredi 14 mars 2018 relatif au ralentissement de l\u2019exportation du caf\u00e9, le conseil caf\u00e9-cacao a rassur\u00e9 que des mesures ont \u00e9t\u00e9 prises pour ramener la fluidit\u00e9.<br \/>\nEn effet, selon la note \u00ab la direction g\u00e9n\u00e9rale du conseil du caf\u00e9-cacao, en collaboration avec les exportateurs ont pris des mesures. Objectif, ramener la fluidit\u00e9 dans la commercialisation du caf\u00e9. \u00bb<br \/>\nen outre , le document a indiqu\u00e9 que ces mesures portent sur la mise \u00e0 la disposition des exportateurs ayant des difficult\u00e9s de stockage, des entrep\u00f4ts de SFCA 000, l\u2019assouplissement des proc\u00e9dures administratives pour faciliter l\u2019exportation du caf\u00e9 et l\u2019assistance aux soci\u00e9t\u00e9s coop\u00e9ratives ayant du mal \u00e0 \u00e9couler leur production de caf\u00e9 \u00bb<br \/>\nSelon, l\u2019organe de r\u00e9gulation de la fili\u00e8re caf\u00e9-cacao une organisation est mise en place afin de permettre aux d\u00e9l\u00e9gations r\u00e9gionales d\u2019effectuer des missions de sensibilisation des producteurs, des soci\u00e9t\u00e9s coop\u00e9ratives et des acheteurs sur le d\u00e9roulent de la commercialisation du caf\u00e9.<br \/>\nAinsi, le conseil rassure dans son communiqu\u00e9, les producteurs et l\u2019ensemble des op\u00e9rateurs que tous les volumes de caf\u00e9 sont couvert par des contrats fermes d\u2019achat.<br \/>\nOk\u00e9 Ange Emmanuel<br \/>\nSource : gouv.ci<\/p>\n","protected":false},"excerpt":{"rendered":"<p>Dans un communiqu\u00e9 de presse dont infoline.ci a eu copie hier mercredi 14 mars 2018 relatif au ralentissement de l\u2019exportation du caf\u00e9, le conseil caf\u00e9-cacao a rassur\u00e9 que des mesures ont \u00e9t\u00e9 prises pour ramener la fluidit\u00e9. En effet, selon la note \u00ab la direction g\u00e9n\u00e9rale du conseil du caf\u00e9-cacao, en collaboration avec les exportateurs [&hellip;]<\/p>\n","protected":false},"author":2,"featured_media":1416,"comment_status":"open","ping_status":"open","sticky":false,"template":"","format":"standard","meta":{"footnotes":""},"categories":[21],"tags":[],"class_list":["post-1415","post","type-post","status-publish","format-standard","has-post-thumbnail","hentry","category-economie"],"_links":{"self":[{"href":"https:\/\/www.infoline.ci\/index.php?rest_route=\/wp\/v2\/posts\/1415","targetHints":{"allow":["GET"]}}],"collection":[{"href":"https:\/\/www.infoline.ci\/index.php?rest_route=\/wp\/v2\/posts"}],"about":[{"href":"https:\/\/www.infoline.ci\/index.php?rest_route=\/wp\/v2\/types\/post"}],"author":[{"embeddable":true,"href":"https:\/\/www.infoline.ci\/index.php?rest_route=\/wp\/v2\/users\/2"}],"replies":[{"embeddable":true,"href":"https:\/\/www.infoline.ci\/index.php?rest_route=%2Fwp%2Fv2%2Fcomments&post=1415"}],"version-history":[{"count":1,"href":"https:\/\/www.infoline.ci\/index.php?rest_route=\/wp\/v2\/posts\/1415\/revisions"}],"predecessor-version":[{"id":1417,"href":"https:\/\/www.infoline.ci\/index.php?rest_route=\/wp\/v2\/posts\/1415\/revisions\/1417"}],"wp:featuredmedia":[{"embeddable":true,"href":"https:\/\/www.infoline.ci\/index.php?rest_route=\/wp\/v2\/media\/1416"}],"wp:attachment":[{"href":"https:\/\/www.infoline.ci\/index.php?rest_route=%2Fwp%2Fv2%2Fmedia&parent=1415"}],"wp:term":[{"taxonomy":"category","embeddable":true,"href":"https:\/\/www.infoline.ci\/index.php?rest_route=%2Fwp%2Fv2%2Fcategories&post=1415"},{"taxonomy":"post_tag","embeddable":true,"href":"https:\/\/www.infoline.ci\/index.php?rest_route=%2Fwp%2Fv2%2Ftags&post=1415"}],"curies":[{"name":"wp","href":"https:\/\/api.w.org\/{rel}","templated":true}]}}