{"id":129081,"date":"2026-09-03T09:06:33","date_gmt":"2026-09-03T09:06:33","guid":{"rendered":"https:\/\/www.infoline.ci\/?p=129081"},"modified":"2026-09-03T09:06:33","modified_gmt":"2026-09-03T09:06:33","slug":"le-tambour-sacre-une-oeuvre-au-service-de-la-memoire","status":"publish","type":"post","link":"https:\/\/www.infoline.ci\/?p=129081","title":{"rendered":"Le Tambour Sacr\u00e9 : une \u0153uvre au service de la m\u00e9moire"},"content":{"rendered":"\n<p>L\u2019\u00e9crivain ivoirien Dosso Mouhamadou signe sa neuvi\u00e8me \u0153uvre litt\u00e9raire avec Le Tambour Sacr\u00e9, une pi\u00e8ce de th\u00e9\u00e2tre de 88 pages parue en ao\u00fbt 2026 aux \u00c9ditions Cl\u00e9 de Silas.<\/p>\n\n\n\n<p>\u00c0 travers le symbole du tambour parleur, l\u2019auteur c\u00e9l\u00e8bre les us et coutumes africains et rappelle leur r\u00f4le essentiel dans l\u2019\u00e9ducation des jeunes g\u00e9n\u00e9rations. La pr\u00e9face, sign\u00e9e Am\u00e9lie N\u2019dia, souligne l\u2019int\u00e9r\u00eat double de l\u2019ouvrage\u202f: permettre aux adultes de revisiter leur patrimoine et offrir aux enfants une porte d\u2019entr\u00e9e vers l\u2019histoire.<\/p>\n\n\n\n<p>Cette \u0153uvre s\u2019inscrit dans une d\u00e9marche plus large de valorisation du patrimoine culturel africain, en donnant au th\u00e9\u00e2tre une fonction p\u00e9dagogique et m\u00e9morielle. <\/p>\n\n\n\n<p>Dosso Mouhamadou confirme ainsi son engagement\u202f: faire de la litt\u00e9rature un outil de transmission et de pr\u00e9servation des valeurs traditionnelles.<\/p>\n\n\n\n<p> Le Tambour Sacr\u00e9 appara\u00eet comme une invitation \u00e0 red\u00e9couvrir la richesse des traditions et \u00e0 r\u00e9fl\u00e9chir \u00e0 leur place dans la soci\u00e9t\u00e9 contemporaine.<\/p>\n\n\n\n<p>Carlo Symphonie<\/p>\n","protected":false},"excerpt":{"rendered":"<p>L\u2019\u00e9crivain ivoirien Dosso Mouhamadou signe sa neuvi\u00e8me \u0153uvre litt\u00e9raire avec Le Tambour Sacr\u00e9, une pi\u00e8ce de th\u00e9\u00e2tre de 88 pages parue en ao\u00fbt 2026 aux \u00c9ditions Cl\u00e9 de Silas. \u00c0 travers le symbole du tambour parleur, l\u2019auteur c\u00e9l\u00e8bre les us et coutumes africains et rappelle leur r\u00f4le essentiel dans l\u2019\u00e9ducation des jeunes g\u00e9n\u00e9rations. La pr\u00e9face, [&hellip;]<\/p>\n","protected":false},"author":2,"featured_media":129082,"comment_status":"open","ping_status":"open","sticky":false,"template":"","format":"standard","meta":{"footnotes":""},"categories":[19],"tags":[],"class_list":["post-129081","post","type-post","status-publish","format-standard","has-post-thumbnail","hentry","category-culture"],"_links":{"self":[{"href":"https:\/\/www.infoline.ci\/index.php?rest_route=\/wp\/v2\/posts\/129081","targetHints":{"allow":["GET"]}}],"collection":[{"href":"https:\/\/www.infoline.ci\/index.php?rest_route=\/wp\/v2\/posts"}],"about":[{"href":"https:\/\/www.infoline.ci\/index.php?rest_route=\/wp\/v2\/types\/post"}],"author":[{"embeddable":true,"href":"https:\/\/www.infoline.ci\/index.php?rest_route=\/wp\/v2\/users\/2"}],"replies":[{"embeddable":true,"href":"https:\/\/www.infoline.ci\/index.php?rest_route=%2Fwp%2Fv2%2Fcomments&post=129081"}],"version-history":[{"count":1,"href":"https:\/\/www.infoline.ci\/index.php?rest_route=\/wp\/v2\/posts\/129081\/revisions"}],"predecessor-version":[{"id":129083,"href":"https:\/\/www.infoline.ci\/index.php?rest_route=\/wp\/v2\/posts\/129081\/revisions\/129083"}],"wp:featuredmedia":[{"embeddable":true,"href":"https:\/\/www.infoline.ci\/index.php?rest_route=\/wp\/v2\/media\/129082"}],"wp:attachment":[{"href":"https:\/\/www.infoline.ci\/index.php?rest_route=%2Fwp%2Fv2%2Fmedia&parent=129081"}],"wp:term":[{"taxonomy":"category","embeddable":true,"href":"https:\/\/www.infoline.ci\/index.php?rest_route=%2Fwp%2Fv2%2Fcategories&post=129081"},{"taxonomy":"post_tag","embeddable":true,"href":"https:\/\/www.infoline.ci\/index.php?rest_route=%2Fwp%2Fv2%2Ftags&post=129081"}],"curies":[{"name":"wp","href":"https:\/\/api.w.org\/{rel}","templated":true}]}}