{"id":12490,"date":"2024-04-30T12:39:49","date_gmt":"2024-04-30T12:39:49","guid":{"rendered":"http:\/\/www.infoline.ci\/?p=12490"},"modified":"2024-04-30T12:42:06","modified_gmt":"2024-04-30T12:42:06","slug":"forum-regional-des-femmes-et-des-filles-du-cavally-mme-anne-desiree-ouloto-lance-un-appel-a-la-mobilisation","status":"publish","type":"post","link":"https:\/\/www.infoline.ci\/?p=12490","title":{"rendered":"Forum R\u00e9gional des Femmes et des Filles du Cavally : Mme Anne D\u00e9sir\u00e9e OULOTO lance un appel \u00e0 la mobilisation"},"content":{"rendered":"\n<p>Mme Anne D\u00e9sir\u00e9e OULOTO, Ministre d&rsquo;\u00c9tat, Pr\u00e9sidente du Conseil R\u00e9gional du Cavally, a pr\u00e9sid\u00e9 ce lundi 29 avril 2024, \u00e0 Abidjan, une rencontre relative \u00e0 la tenue du Forum R\u00e9gional des Femmes et des Filles du Cavally.<\/p>\n\n\n\n<p>Pr\u00e9vu pour se d\u00e9rouler du 9 au 11 mai 2024 \u00e0 Guiglo, sous le th\u00e8me \u00ab\u00a0Leadership des Femmes et des Filles pour le d\u00e9veloppement de la r\u00e9gion du Cavally\u00a0\u00bb, ce forum a pour objectif de r\u00e9unir les femmes et les filles de la r\u00e9gion afin de r\u00e9fl\u00e9chir et d&rsquo;\u00e9changer sur leur contribution au d\u00e9veloppement socio-\u00e9conomique de leur localit\u00e9.<\/p>\n\n\n\n<p><strong>Des th\u00e9matiques riches et vari\u00e9es<\/strong><\/p>\n\n\n\n<p>Au cours de ce forum, plusieurs th\u00e9matiques seront d\u00e9battues, notamment :<\/p>\n\n\n\n<ul class=\"wp-block-list\"><li>L&rsquo;autonomisation \u00e9conomique des femmes<\/li><li>L&rsquo;acc\u00e8s des femmes \u00e0 l&rsquo;\u00e9ducation et \u00e0 la sant\u00e9<\/li><li>La participation des femmes \u00e0 la vie politique et d\u00e9cisionnelle<\/li><li>La lutte contre les violences faites aux femmes<\/li><li>La promotion de l&rsquo;entrepreneuriat f\u00e9minin<\/li><\/ul>\n\n\n\n<p><strong>Un appel \u00e0 la mobilisation<\/strong><\/p>\n\n\n\n<p>Mme Anne D\u00e9sir\u00e9e OULOTO a exhort\u00e9 toutes les femmes de la r\u00e9gion du Cavally, y compris celles de la diaspora, \u00e0 se mobiliser massivement pour participer \u00e0 ce forum. Elle a \u00e9galement invit\u00e9 les autorit\u00e9s locales, les organisations de la soci\u00e9t\u00e9 civile et les partenaires au d\u00e9veloppement \u00e0 soutenir cet \u00e9v\u00e9nement majeur.<\/p>\n\n\n\n<p><strong>Un forum pour le d\u00e9veloppement du Cavally<\/strong><\/p>\n\n\n\n<p>Le Forum R\u00e9gional des Femmes et des Filles du Cavally est une initiative importante qui permettra de mettre en lumi\u00e8re le r\u00f4le crucial que jouent les femmes dans le d\u00e9veloppement de leur r\u00e9gion. Ce forum sera \u00e9galement l&rsquo;occasion de renforcer les capacit\u00e9s des femmes et de leur donner les moyens de s&rsquo;\u00e9panouir pleinement.<\/p>\n\n\n\n<p><strong>Ne manquez pas ce rendez-vous important !<\/strong><\/p>\n\n\n\n<p>Le Forum R\u00e9gional des Femmes et des Filles du Cavally est une occasion unique pour les femmes de la r\u00e9gion de se faire entendre et de contribuer \u00e0 l&rsquo;\u00e9laboration de strat\u00e9gies de d\u00e9veloppement pour leur localit\u00e9. Toutes les femmes du Cavally, y compris celles de la diaspora, sont invit\u00e9es \u00e0 participer \u00e0 ce forum.<\/p>\n\n\n\n<p><strong>Ensemble, construisons un Cavally plus prosp\u00e8re et plus juste pour tous !<\/strong><\/p>\n\n\n\n<p>Carlos All\u00e9luia<\/p>\n\n\n\n<figure class=\"wp-block-gallery columns-3 is-cropped wp-block-gallery-1 is-layout-flex wp-block-gallery-is-layout-flex\"><ul class=\"blocks-gallery-grid\"><li class=\"blocks-gallery-item\"><figure><img loading=\"lazy\" decoding=\"async\" width=\"1024\" height=\"683\" src=\"https:\/\/www.infoline.ci\/wp-content\/uploads\/2024\/04\/guiglo-1024x683.jpg\" alt=\"\" data-id=\"12492\" data-full-url=\"https:\/\/www.infoline.ci\/wp-content\/uploads\/2024\/04\/guiglo.jpg\" data-link=\"https:\/\/www.infoline.ci\/?attachment_id=12492\" class=\"wp-image-12492\" srcset=\"https:\/\/www.infoline.ci\/wp-content\/uploads\/2024\/04\/guiglo-1024x683.jpg 1024w, https:\/\/www.infoline.ci\/wp-content\/uploads\/2024\/04\/guiglo-300x200.jpg 300w, https:\/\/www.infoline.ci\/wp-content\/uploads\/2024\/04\/guiglo-768x512.jpg 768w, https:\/\/www.infoline.ci\/wp-content\/uploads\/2024\/04\/guiglo-696x464.jpg 696w, https:\/\/www.infoline.ci\/wp-content\/uploads\/2024\/04\/guiglo-1068x713.jpg 1068w, https:\/\/www.infoline.ci\/wp-content\/uploads\/2024\/04\/guiglo-630x420.jpg 630w, https:\/\/www.infoline.ci\/wp-content\/uploads\/2024\/04\/guiglo.jpg 1280w\" sizes=\"auto, (max-width: 1024px) 100vw, 1024px\" \/><\/figure><\/li><li class=\"blocks-gallery-item\"><figure><img loading=\"lazy\" decoding=\"async\" width=\"1024\" height=\"683\" src=\"https:\/\/www.infoline.ci\/wp-content\/uploads\/2024\/04\/guiglo1-1024x683.jpg\" alt=\"\" data-id=\"12493\" data-full-url=\"https:\/\/www.infoline.ci\/wp-content\/uploads\/2024\/04\/guiglo1.jpg\" data-link=\"https:\/\/www.infoline.ci\/?attachment_id=12493\" class=\"wp-image-12493\" srcset=\"https:\/\/www.infoline.ci\/wp-content\/uploads\/2024\/04\/guiglo1-1024x683.jpg 1024w, https:\/\/www.infoline.ci\/wp-content\/uploads\/2024\/04\/guiglo1-300x200.jpg 300w, https:\/\/www.infoline.ci\/wp-content\/uploads\/2024\/04\/guiglo1-768x512.jpg 768w, https:\/\/www.infoline.ci\/wp-content\/uploads\/2024\/04\/guiglo1-696x464.jpg 696w, https:\/\/www.infoline.ci\/wp-content\/uploads\/2024\/04\/guiglo1-1068x712.jpg 1068w, https:\/\/www.infoline.ci\/wp-content\/uploads\/2024\/04\/guiglo1-630x420.jpg 630w, https:\/\/www.infoline.ci\/wp-content\/uploads\/2024\/04\/guiglo1.jpg 1080w\" sizes=\"auto, (max-width: 1024px) 100vw, 1024px\" \/><\/figure><\/li><li class=\"blocks-gallery-item\"><figure><img loading=\"lazy\" decoding=\"async\" width=\"1024\" height=\"683\" src=\"https:\/\/www.infoline.ci\/wp-content\/uploads\/2024\/04\/GUIGLO2-1024x683.jpg\" alt=\"\" data-id=\"12494\" data-full-url=\"https:\/\/www.infoline.ci\/wp-content\/uploads\/2024\/04\/GUIGLO2.jpg\" data-link=\"https:\/\/www.infoline.ci\/?attachment_id=12494\" class=\"wp-image-12494\" srcset=\"https:\/\/www.infoline.ci\/wp-content\/uploads\/2024\/04\/GUIGLO2-1024x683.jpg 1024w, https:\/\/www.infoline.ci\/wp-content\/uploads\/2024\/04\/GUIGLO2-300x200.jpg 300w, https:\/\/www.infoline.ci\/wp-content\/uploads\/2024\/04\/GUIGLO2-768x512.jpg 768w, https:\/\/www.infoline.ci\/wp-content\/uploads\/2024\/04\/GUIGLO2-696x464.jpg 696w, https:\/\/www.infoline.ci\/wp-content\/uploads\/2024\/04\/GUIGLO2-1068x712.jpg 1068w, https:\/\/www.infoline.ci\/wp-content\/uploads\/2024\/04\/GUIGLO2-630x420.jpg 630w, https:\/\/www.infoline.ci\/wp-content\/uploads\/2024\/04\/GUIGLO2.jpg 1080w\" sizes=\"auto, (max-width: 1024px) 100vw, 1024px\" \/><\/figure><\/li><li class=\"blocks-gallery-item\"><figure><img loading=\"lazy\" decoding=\"async\" width=\"1024\" height=\"683\" src=\"https:\/\/www.infoline.ci\/wp-content\/uploads\/2024\/04\/GUIGLO3-1024x683.jpg\" alt=\"\" data-id=\"12495\" data-full-url=\"https:\/\/www.infoline.ci\/wp-content\/uploads\/2024\/04\/GUIGLO3.jpg\" data-link=\"https:\/\/www.infoline.ci\/?attachment_id=12495\" class=\"wp-image-12495\" srcset=\"https:\/\/www.infoline.ci\/wp-content\/uploads\/2024\/04\/GUIGLO3-1024x683.jpg 1024w, https:\/\/www.infoline.ci\/wp-content\/uploads\/2024\/04\/GUIGLO3-300x200.jpg 300w, https:\/\/www.infoline.ci\/wp-content\/uploads\/2024\/04\/GUIGLO3-768x512.jpg 768w, https:\/\/www.infoline.ci\/wp-content\/uploads\/2024\/04\/GUIGLO3-696x464.jpg 696w, https:\/\/www.infoline.ci\/wp-content\/uploads\/2024\/04\/GUIGLO3-1068x713.jpg 1068w, https:\/\/www.infoline.ci\/wp-content\/uploads\/2024\/04\/GUIGLO3-630x420.jpg 630w, https:\/\/www.infoline.ci\/wp-content\/uploads\/2024\/04\/GUIGLO3.jpg 1280w\" sizes=\"auto, (max-width: 1024px) 100vw, 1024px\" \/><\/figure><\/li><li class=\"blocks-gallery-item\"><figure><img loading=\"lazy\" decoding=\"async\" width=\"1024\" height=\"683\" src=\"https:\/\/www.infoline.ci\/wp-content\/uploads\/2024\/04\/GUIGLO4-1024x683.jpg\" alt=\"\" data-id=\"12496\" data-full-url=\"https:\/\/www.infoline.ci\/wp-content\/uploads\/2024\/04\/GUIGLO4.jpg\" data-link=\"https:\/\/www.infoline.ci\/?attachment_id=12496\" class=\"wp-image-12496\" srcset=\"https:\/\/www.infoline.ci\/wp-content\/uploads\/2024\/04\/GUIGLO4-1024x683.jpg 1024w, https:\/\/www.infoline.ci\/wp-content\/uploads\/2024\/04\/GUIGLO4-300x200.jpg 300w, https:\/\/www.infoline.ci\/wp-content\/uploads\/2024\/04\/GUIGLO4-768x512.jpg 768w, https:\/\/www.infoline.ci\/wp-content\/uploads\/2024\/04\/GUIGLO4-696x464.jpg 696w, https:\/\/www.infoline.ci\/wp-content\/uploads\/2024\/04\/GUIGLO4-1068x713.jpg 1068w, https:\/\/www.infoline.ci\/wp-content\/uploads\/2024\/04\/GUIGLO4-630x420.jpg 630w, https:\/\/www.infoline.ci\/wp-content\/uploads\/2024\/04\/GUIGLO4.jpg 1280w\" sizes=\"auto, (max-width: 1024px) 100vw, 1024px\" \/><\/figure><\/li><\/ul><\/figure>\n","protected":false},"excerpt":{"rendered":"<p>Mme Anne D\u00e9sir\u00e9e OULOTO, Ministre d&rsquo;\u00c9tat, Pr\u00e9sidente du Conseil R\u00e9gional du Cavally, a pr\u00e9sid\u00e9 ce lundi 29 avril 2024, \u00e0 Abidjan, une rencontre relative \u00e0 la tenue du Forum R\u00e9gional des Femmes et des Filles du Cavally. Pr\u00e9vu pour se d\u00e9rouler du 9 au 11 mai 2024 \u00e0 Guiglo, sous le th\u00e8me \u00ab\u00a0Leadership des Femmes [&hellip;]<\/p>\n","protected":false},"author":2,"featured_media":12491,"comment_status":"open","ping_status":"open","sticky":false,"template":"","format":"standard","meta":{"footnotes":""},"categories":[21],"tags":[],"class_list":["post-12490","post","type-post","status-publish","format-standard","has-post-thumbnail","hentry","category-economie"],"_links":{"self":[{"href":"https:\/\/www.infoline.ci\/index.php?rest_route=\/wp\/v2\/posts\/12490","targetHints":{"allow":["GET"]}}],"collection":[{"href":"https:\/\/www.infoline.ci\/index.php?rest_route=\/wp\/v2\/posts"}],"about":[{"href":"https:\/\/www.infoline.ci\/index.php?rest_route=\/wp\/v2\/types\/post"}],"author":[{"embeddable":true,"href":"https:\/\/www.infoline.ci\/index.php?rest_route=\/wp\/v2\/users\/2"}],"replies":[{"embeddable":true,"href":"https:\/\/www.infoline.ci\/index.php?rest_route=%2Fwp%2Fv2%2Fcomments&post=12490"}],"version-history":[{"count":1,"href":"https:\/\/www.infoline.ci\/index.php?rest_route=\/wp\/v2\/posts\/12490\/revisions"}],"predecessor-version":[{"id":12497,"href":"https:\/\/www.infoline.ci\/index.php?rest_route=\/wp\/v2\/posts\/12490\/revisions\/12497"}],"wp:featuredmedia":[{"embeddable":true,"href":"https:\/\/www.infoline.ci\/index.php?rest_route=\/wp\/v2\/media\/12491"}],"wp:attachment":[{"href":"https:\/\/www.infoline.ci\/index.php?rest_route=%2Fwp%2Fv2%2Fmedia&parent=12490"}],"wp:term":[{"taxonomy":"category","embeddable":true,"href":"https:\/\/www.infoline.ci\/index.php?rest_route=%2Fwp%2Fv2%2Fcategories&post=12490"},{"taxonomy":"post_tag","embeddable":true,"href":"https:\/\/www.infoline.ci\/index.php?rest_route=%2Fwp%2Fv2%2Ftags&post=12490"}],"curies":[{"name":"wp","href":"https:\/\/api.w.org\/{rel}","templated":true}]}}