{"id":11932,"date":"2023-08-09T08:58:49","date_gmt":"2023-08-09T08:58:49","guid":{"rendered":"https:\/\/www.infoline.ci\/?p=11932"},"modified":"2023-08-09T08:58:49","modified_gmt":"2023-08-09T08:58:49","slug":"le-chef-de-letat-a-echange-avec-lambassadeur-des-pays-bas-en-cote-divoire","status":"publish","type":"post","link":"https:\/\/www.infoline.ci\/?p=11932","title":{"rendered":"Le Chef de l\u2019\u00c9tat a \u00e9chang\u00e9 avec l\u2019Ambassadeur des Pays-Bas en C\u00f4te d\u2019Ivoire"},"content":{"rendered":"<p>Le Chef de l\u2019\u00c9tat a \u00e9chang\u00e9 avec l\u2019Ambassadeur des Pays-Bas en C\u00f4te d\u2019Ivoire<br \/>\nLe Pr\u00e9sident de la R\u00e9publique, S.E.M Alassane OUATTARA, a \u00e9chang\u00e9 ce mardi 08 ao\u00fbt 2023, au Palais de la Pr\u00e9sidence de la R\u00e9publique, avec l\u2019Ambassadeur des Pays-Bas en C\u00f4te d\u2019Ivoire, S.E. Mme Daoud Yvette Soraya. La Diplomate n\u00e9erlandaise qui est en fin de mission dans notre pays est venue faire ses civilit\u00e9s et adieux au Chef de l\u2019\u00c9tat.<\/p>\n<p>Le Pr\u00e9sident de la R\u00e9publique a salu\u00e9 l\u2019importante contribution de Mme Daoud Yvette Soraya au renforcement des relations d\u2019amiti\u00e9 et de coop\u00e9ration entre la C\u00f4te d\u2019Ivoire et les Pays-Bas; notamment au niveau des \u00e9changes commerciaux qui ont augment\u00e9 significativement au cours de ces derni\u00e8res ann\u00e9es ; et \u00e0 l\u2019implantation dans notre pays d\u2019usines de transformation de cacao ainsi qu\u2019\u00e0 la promotion d\u2019autres secteurs d\u2019activit\u00e9s comme l\u2019horticulture, par exemple.<\/p>\n<p>A cet \u00e9gard, le Chef de l\u2019Etat a exprim\u00e9 sa gratitude \u00e0 l\u2019Ambassadeur des Pays-Bas pour l\u2019excellent travail accompli au cours de son mandat dans notre pays, et a indiqu\u00e9 que celle-ci sera toujours la bienvenue en C\u00f4te d\u2019Ivoire.<\/p>\n<p>Quant \u00e0 la Diplomate n\u00e9erlandaise, elle a r\u00e9affirm\u00e9 que son pays coop\u00e8re \u00e9troitement avec le n\u00f4tre dans le domaine du cacao ivoirien, dont la plupart des f\u00e8ves sont achemin\u00e9es vers les Pays-Bas. Elle a ajout\u00e9 avoir travaill\u00e9 durant sa mission \u00e0 trouver les voies et moyens d\u2019op\u00e9rer la premi\u00e8re transformation du cacao ivoirien sur place, plus pr\u00e8s des producteurs, afin de leur permettre d\u2019\u00eatre davantage ind\u00e9pendants des interm\u00e9diaires et d\u2019avoir, par la m\u00eame occasion, des produits plus durables.<\/p>\n<p>Mme Daoud Yvette Soraya a soulign\u00e9 que la coop\u00e9ration ivoiro-n\u00e9erlandaise est aussi une r\u00e9alit\u00e9 au niveau de l\u2019horticulture, en particulier l\u2019horticulture hors sol.<\/p>\n<p>Dans ce cadre, elle a exprim\u00e9 sa joie et sa fiert\u00e9 d\u2019annoncer que son pays est l\u2019Invit\u00e9 d\u2019honneur de l\u2019\u00e9dition 2023 du SARA (Salon de l\u2019Agriculture et des Ressources 2\/2 Animales) qui se tiendra \u00e0 Abidjan en septembre prochain, et a invit\u00e9 les uns et les autres \u00e0 venir appr\u00e9cier le savoir-faire des pays- Bas dans le domaine de l\u2019agriculture.<\/p>\n<p>Pour terminer, S.E. Mme Daoud Yvette a tenu \u00e0 saluer le message \u00e0 la Nation du Pr\u00e9sident de la R\u00e9publique \u00e0 l\u2019occasion de la comm\u00e9moration du 63\u00e8 Anniversaire de l\u2019Ind\u00e9pendance de la C\u00f4te d\u2019Ivoire, dans lequel il a mis l\u2019accent sur la promotion et l\u2019autonomisation des jeunes et des femmes. Cette vision du Chef de l\u2019\u00c9tat m\u00e9rite, selon elle, d\u2019\u00eatre encourag\u00e9e.<\/p>\n<p>Notons que le Ministre, Directeur de Cabinet du Pr\u00e9sident de la R\u00e9publique, M. Fid\u00e8le Sarrasoro, a pris part \u00e0 la rencontre.<br \/>\nsource : sercom direction de la communication de la pr\u00e9sidence de la R\u00e9publique<\/p>\n","protected":false},"excerpt":{"rendered":"<p>Le Chef de l\u2019\u00c9tat a \u00e9chang\u00e9 avec l\u2019Ambassadeur des Pays-Bas en C\u00f4te d\u2019Ivoire Le Pr\u00e9sident de la R\u00e9publique, S.E.M Alassane OUATTARA, a \u00e9chang\u00e9 ce mardi 08 ao\u00fbt 2023, au Palais de la Pr\u00e9sidence de la R\u00e9publique, avec l\u2019Ambassadeur des Pays-Bas en C\u00f4te d\u2019Ivoire, S.E. Mme Daoud Yvette Soraya. La Diplomate n\u00e9erlandaise qui est en fin [&hellip;]<\/p>\n","protected":false},"author":2,"featured_media":11933,"comment_status":"open","ping_status":"open","sticky":false,"template":"","format":"standard","meta":{"footnotes":""},"categories":[23],"tags":[],"class_list":["post-11932","post","type-post","status-publish","format-standard","has-post-thumbnail","hentry","category-politique"],"_links":{"self":[{"href":"https:\/\/www.infoline.ci\/index.php?rest_route=\/wp\/v2\/posts\/11932","targetHints":{"allow":["GET"]}}],"collection":[{"href":"https:\/\/www.infoline.ci\/index.php?rest_route=\/wp\/v2\/posts"}],"about":[{"href":"https:\/\/www.infoline.ci\/index.php?rest_route=\/wp\/v2\/types\/post"}],"author":[{"embeddable":true,"href":"https:\/\/www.infoline.ci\/index.php?rest_route=\/wp\/v2\/users\/2"}],"replies":[{"embeddable":true,"href":"https:\/\/www.infoline.ci\/index.php?rest_route=%2Fwp%2Fv2%2Fcomments&post=11932"}],"version-history":[{"count":1,"href":"https:\/\/www.infoline.ci\/index.php?rest_route=\/wp\/v2\/posts\/11932\/revisions"}],"predecessor-version":[{"id":11934,"href":"https:\/\/www.infoline.ci\/index.php?rest_route=\/wp\/v2\/posts\/11932\/revisions\/11934"}],"wp:featuredmedia":[{"embeddable":true,"href":"https:\/\/www.infoline.ci\/index.php?rest_route=\/wp\/v2\/media\/11933"}],"wp:attachment":[{"href":"https:\/\/www.infoline.ci\/index.php?rest_route=%2Fwp%2Fv2%2Fmedia&parent=11932"}],"wp:term":[{"taxonomy":"category","embeddable":true,"href":"https:\/\/www.infoline.ci\/index.php?rest_route=%2Fwp%2Fv2%2Fcategories&post=11932"},{"taxonomy":"post_tag","embeddable":true,"href":"https:\/\/www.infoline.ci\/index.php?rest_route=%2Fwp%2Fv2%2Ftags&post=11932"}],"curies":[{"name":"wp","href":"https:\/\/api.w.org\/{rel}","templated":true}]}}