{"id":11929,"date":"2023-08-08T23:43:47","date_gmt":"2023-08-08T23:43:47","guid":{"rendered":"https:\/\/www.infoline.ci\/?p=11929"},"modified":"2023-08-08T23:43:47","modified_gmt":"2023-08-08T23:43:47","slug":"63e-anniversaire-de-lindependance-de-la-cote-divoire-se-deroule-dans-une-periode-de-deuil-national","status":"publish","type":"post","link":"https:\/\/www.infoline.ci\/?p=11929","title":{"rendered":"63e anniversaire de l&rsquo;ind\u00e9pendance de la C\u00f4te d&rsquo;ivoire se d\u00e9roule dans une p\u00e9riode de deuil national"},"content":{"rendered":"<p>\u00c0 l&rsquo;occasion de la comm\u00e9moration du 63e anniversaire de l&rsquo;ind\u00e9pendance de la C\u00f4te d\u2019Ivoire, qui se d\u00e9roule dans une p\u00e9riode de deuil national suite au d\u00e9c\u00e8s de l&rsquo;ancien Pr\u00e9sident de la R\u00e9publique, Henri Konan B\u00e9di\u00e9, le Pr\u00e9sident de la R\u00e9publique, Alassane Ouattara, a pr\u00e9sid\u00e9, ce lundi 7 ao\u00fbt 2023, une c\u00e9r\u00e9monie de prise d&rsquo;armes, au Palais de la Pr\u00e9sidence de la R\u00e9publique<br \/>\nC.A<\/p>\n","protected":false},"excerpt":{"rendered":"<p>\u00c0 l&rsquo;occasion de la comm\u00e9moration du 63e anniversaire de l&rsquo;ind\u00e9pendance de la C\u00f4te d\u2019Ivoire, qui se d\u00e9roule dans une p\u00e9riode de deuil national suite au d\u00e9c\u00e8s de l&rsquo;ancien Pr\u00e9sident de la R\u00e9publique, Henri Konan B\u00e9di\u00e9, le Pr\u00e9sident de la R\u00e9publique, Alassane Ouattara, a pr\u00e9sid\u00e9, ce lundi 7 ao\u00fbt 2023, une c\u00e9r\u00e9monie de prise d&rsquo;armes, au [&hellip;]<\/p>\n","protected":false},"author":2,"featured_media":11930,"comment_status":"open","ping_status":"open","sticky":false,"template":"","format":"standard","meta":{"footnotes":""},"categories":[23],"tags":[],"class_list":["post-11929","post","type-post","status-publish","format-standard","has-post-thumbnail","hentry","category-politique"],"_links":{"self":[{"href":"https:\/\/www.infoline.ci\/index.php?rest_route=\/wp\/v2\/posts\/11929","targetHints":{"allow":["GET"]}}],"collection":[{"href":"https:\/\/www.infoline.ci\/index.php?rest_route=\/wp\/v2\/posts"}],"about":[{"href":"https:\/\/www.infoline.ci\/index.php?rest_route=\/wp\/v2\/types\/post"}],"author":[{"embeddable":true,"href":"https:\/\/www.infoline.ci\/index.php?rest_route=\/wp\/v2\/users\/2"}],"replies":[{"embeddable":true,"href":"https:\/\/www.infoline.ci\/index.php?rest_route=%2Fwp%2Fv2%2Fcomments&post=11929"}],"version-history":[{"count":1,"href":"https:\/\/www.infoline.ci\/index.php?rest_route=\/wp\/v2\/posts\/11929\/revisions"}],"predecessor-version":[{"id":11931,"href":"https:\/\/www.infoline.ci\/index.php?rest_route=\/wp\/v2\/posts\/11929\/revisions\/11931"}],"wp:featuredmedia":[{"embeddable":true,"href":"https:\/\/www.infoline.ci\/index.php?rest_route=\/wp\/v2\/media\/11930"}],"wp:attachment":[{"href":"https:\/\/www.infoline.ci\/index.php?rest_route=%2Fwp%2Fv2%2Fmedia&parent=11929"}],"wp:term":[{"taxonomy":"category","embeddable":true,"href":"https:\/\/www.infoline.ci\/index.php?rest_route=%2Fwp%2Fv2%2Fcategories&post=11929"},{"taxonomy":"post_tag","embeddable":true,"href":"https:\/\/www.infoline.ci\/index.php?rest_route=%2Fwp%2Fv2%2Ftags&post=11929"}],"curies":[{"name":"wp","href":"https:\/\/api.w.org\/{rel}","templated":true}]}}