{"id":11796,"date":"2023-07-07T23:11:28","date_gmt":"2023-07-07T23:11:28","guid":{"rendered":"https:\/\/www.infoline.ci\/?p=11796"},"modified":"2023-07-07T23:20:30","modified_gmt":"2023-07-07T23:20:30","slug":"la-mascotte-de-la-messe-du-football-a-ete-devoilee-ce-vendredi-07-juillet-2023-a-la-salle-des-fetes-de-lhotel-ivoire-dans-la-commune-de-cocody-a-abidjan-akwaba-est-son-nom-cest-un-eleph","status":"publish","type":"post","link":"https:\/\/www.infoline.ci\/?p=11796","title":{"rendered":"CAN 2024 \/ la mascotte de la comp\u00e9tition"},"content":{"rendered":"<p><img loading=\"lazy\" decoding=\"async\" src=\"https:\/\/www.infoline.ci\/wp-content\/uploads\/2023\/07\/FB_IMG_1688771013722-1.jpg\" alt=\"\" width=\"1080\" height=\"1134\" class=\"alignnone size-full wp-image-11795\" srcset=\"https:\/\/www.infoline.ci\/wp-content\/uploads\/2023\/07\/FB_IMG_1688771013722-1.jpg 1080w, https:\/\/www.infoline.ci\/wp-content\/uploads\/2023\/07\/FB_IMG_1688771013722-1-286x300.jpg 286w, https:\/\/www.infoline.ci\/wp-content\/uploads\/2023\/07\/FB_IMG_1688771013722-1-975x1024.jpg 975w, https:\/\/www.infoline.ci\/wp-content\/uploads\/2023\/07\/FB_IMG_1688771013722-1-768x806.jpg 768w, https:\/\/www.infoline.ci\/wp-content\/uploads\/2023\/07\/FB_IMG_1688771013722-1-696x731.jpg 696w, https:\/\/www.infoline.ci\/wp-content\/uploads\/2023\/07\/FB_IMG_1688771013722-1-1068x1121.jpg 1068w, https:\/\/www.infoline.ci\/wp-content\/uploads\/2023\/07\/FB_IMG_1688771013722-1-400x420.jpg 400w\" sizes=\"auto, (max-width: 1080px) 100vw, 1080px\" \/><br \/>\nLa mascotte de la coupe d&rsquo;Afrique des nations de football a \u00e9t\u00e9 d\u00e9voil\u00e9e ce vendredi 07 juillet 2023 \u00e0 la salle des f\u00eates de l&rsquo;H\u00f4tel Ivoire dans la commune de Cocody \u00e0 Abidjan. <\/p>\n<p>\u00ab\u00a0AKWABA \u00a0\u00bb est son nom, c&rsquo;est un \u00e9l\u00e9phant comme l&#8217;embl\u00e8me du pays qui arbore un chapeau \u00ab\u00a0Akan\u00a0\u00bb, groupe ethnique ivoirien qui accompagnera cette grande messe tout au long de la comp\u00e9tition. <\/p>\n<p>Le concepteur de \u00ab\u00a0AKWABA\u00a0\u00bb est M. Kouadio Raoul Fr\u00e9d\u00e9ric qui a remport\u00e9 la somme de 10 millions de FCFA \u00e0 l&rsquo;issue du concours de mascotte de la CAN 2023 . <\/p>\n<p>Respectivement deuxi\u00e8me et troisi\u00e8me, M. Brou qui remporte 3 millions et M. Coulibaly 5 millions de FCFA. <\/p>\n<p>La 34 \u00e8me Coupe d&rsquo;Afrique des Nations de football 2023 (CAN) se tiendra du 13 janvier au 11 f\u00e9vrier 2024 en C\u00f4te d&rsquo;Ivoire. <\/p>\n","protected":false},"excerpt":{"rendered":"<p>La mascotte de la coupe d&rsquo;Afrique des nations de football a \u00e9t\u00e9 d\u00e9voil\u00e9e ce vendredi 07 juillet 2023 \u00e0 la salle des f\u00eates de l&rsquo;H\u00f4tel Ivoire dans la commune de Cocody \u00e0 Abidjan. \u00ab\u00a0AKWABA \u00a0\u00bb est son nom, c&rsquo;est un \u00e9l\u00e9phant comme l&#8217;embl\u00e8me du pays qui arbore un chapeau \u00ab\u00a0Akan\u00a0\u00bb, groupe ethnique ivoirien qui accompagnera [&hellip;]<\/p>\n","protected":false},"author":2,"featured_media":11797,"comment_status":"open","ping_status":"open","sticky":false,"template":"","format":"standard","meta":{"footnotes":""},"categories":[25],"tags":[],"class_list":["post-11796","post","type-post","status-publish","format-standard","has-post-thumbnail","hentry","category-sports"],"_links":{"self":[{"href":"https:\/\/www.infoline.ci\/index.php?rest_route=\/wp\/v2\/posts\/11796","targetHints":{"allow":["GET"]}}],"collection":[{"href":"https:\/\/www.infoline.ci\/index.php?rest_route=\/wp\/v2\/posts"}],"about":[{"href":"https:\/\/www.infoline.ci\/index.php?rest_route=\/wp\/v2\/types\/post"}],"author":[{"embeddable":true,"href":"https:\/\/www.infoline.ci\/index.php?rest_route=\/wp\/v2\/users\/2"}],"replies":[{"embeddable":true,"href":"https:\/\/www.infoline.ci\/index.php?rest_route=%2Fwp%2Fv2%2Fcomments&post=11796"}],"version-history":[{"count":3,"href":"https:\/\/www.infoline.ci\/index.php?rest_route=\/wp\/v2\/posts\/11796\/revisions"}],"predecessor-version":[{"id":11800,"href":"https:\/\/www.infoline.ci\/index.php?rest_route=\/wp\/v2\/posts\/11796\/revisions\/11800"}],"wp:featuredmedia":[{"embeddable":true,"href":"https:\/\/www.infoline.ci\/index.php?rest_route=\/wp\/v2\/media\/11797"}],"wp:attachment":[{"href":"https:\/\/www.infoline.ci\/index.php?rest_route=%2Fwp%2Fv2%2Fmedia&parent=11796"}],"wp:term":[{"taxonomy":"category","embeddable":true,"href":"https:\/\/www.infoline.ci\/index.php?rest_route=%2Fwp%2Fv2%2Fcategories&post=11796"},{"taxonomy":"post_tag","embeddable":true,"href":"https:\/\/www.infoline.ci\/index.php?rest_route=%2Fwp%2Fv2%2Ftags&post=11796"}],"curies":[{"name":"wp","href":"https:\/\/api.w.org\/{rel}","templated":true}]}}