{"id":11596,"date":"2023-04-03T16:51:10","date_gmt":"2023-04-03T16:51:10","guid":{"rendered":"https:\/\/www.infoline.ci\/?p=11596"},"modified":"2023-04-03T16:51:10","modified_gmt":"2023-04-03T16:51:10","slug":"%f0%9d%90%82%f0%9d%90%a8%f0%9d%90%a7%f0%9d%90%ac%f0%9d%90%9e%f0%9d%90%a2%f0%9d%90%a5-%f0%9d%90%9d%f0%9d%90%9e%f0%9d%90%ac-%f0%9d%90%a6%f0%9d%90%a2%f0%9d%90%a7%f0%9d%90%a2%f0%9d%90%ac%f0%9d%90%ad","status":"publish","type":"post","link":"https:\/\/www.infoline.ci\/?p=11596","title":{"rendered":"\ud835\udc02\ud835\udc28\ud835\udc27\ud835\udc2c\ud835\udc1e\ud835\udc22\ud835\udc25 \ud835\udc1d\ud835\udc1e\ud835\udc2c \ud835\udc26\ud835\udc22\ud835\udc27\ud835\udc22\ud835\udc2c\ud835\udc2d\ud835\udc2b\ud835\udc1e\ud835\udc2c \ud835\udc1d\ud835\udc1e \ud835\udc25\u2019\ud835\udc14\ud835\udc04\ud835\udc0c\ud835\udc0e\ud835\udc00 : \ud835\udc25\ud835\udc1e \ud835\udc29\ud835\udc2b\ud835\udc1e\u0301\ud835\udc2c\ud835\udc22\ud835\udc1d\ud835\udc1e\ud835\udc27\ud835\udc2d \ud835\udc00\ud835\udc1d\ud835\udc1a\ud835\udc26\ud835\udc1a \ud835\udc02\ud835\udc28\ud835\udc2e\ud835\udc25\ud835\udc22\ud835\udc1b\ud835\udc1a\ud835\udc25\ud835\udc32 \ud835\udc1a\ud835\udc27\ud835\udc27\ud835\udc28\ud835\udc27\ud835\udc1c\ud835\udc1e \ud835\udc1d\ud835\udc1e \ud835\udc1b\ud835\udc28\ud835\udc27\ud835\udc27\ud835\udc1e\ud835\udc2c \ud835\udc29\ud835\udc1e\ud835\udc2b\ud835\udc2c\ud835\udc29\ud835\udc1e\ud835\udc1c\ud835\udc2d\ud835\udc22\ud835\udc2f\ud835\udc1e\ud835\udc2c \ud835\udc1e\u0301\ud835\udc1c\ud835\udc28\ud835\udc27\ud835\udc28\ud835\udc26\ud835\udc22\ud835\udc2a\ud835\udc2e\ud835\udc1e\ud835\udc2c \ud835\udc1a\ud835\udc2e \ud835\udc2c\ud835\udc1e\ud835\udc22\ud835\udc27 \ud835\udc1d\ud835\udc1e \ud835\udc25\u2019\ud835\udc14\ud835\udc27\ud835\udc22\ud835\udc28\ud835\udc27 \ud835\udc29\ud835\udc28\ud835\udc2e\ud835\udc2b \ud835\udfd0\ud835\udfce\ud835\udfd0\ud835\udfd1"},"content":{"rendered":"<p>\u00c0 l\u2019occasion de la premi\u00e8re session ordinaire du Conseil des ministres de l\u2019Union \u00c9conomique et Mon\u00e9taire Ouest Africaine (UEMOA), qui s\u2019est ouverte le 31 mars 2023 au si\u00e8ge de la BCEAO \u00e0 Dakar, Adama Coulibaly, ministre de l\u2019\u00c9conomie et des Finances de la C\u00f4te d\u2019Ivoire, pr\u00e9sident dudit Conseil, a indiqu\u00e9 que l\u2019ann\u00e9e 2022 s\u2019est achev\u00e9e sur une note d&rsquo;optimisme laissant augurer de bonnes perspectives pour 2023.<br \/>\n\u00ab\u00a0L\u2019activit\u00e9 \u00e9conomique de l\u2019Union, sur un an, est rest\u00e9e dynamique au quatri\u00e8me trimestre 2022, avec une progression de 5,4% du PIB, apr\u00e8s une hausse de 5,7% not\u00e9e le trimestre pr\u00e9c\u00e9dent. Cette \u00e9volution de l\u2019activit\u00e9 a \u00e9t\u00e9 port\u00e9e par celle de la valeur ajout\u00e9e dans l\u2019ensemble des secteurs\u201d, a dit le pr\u00e9sident du Conseil des ministres.<br \/>\nSelon le ministre Adama Coulibaly qui pr\u00e9sidait la c\u00e9r\u00e9monie d\u2019ouverture, l\u2019inflation au niveau de l\u2019Union a amorc\u00e9 une d\u00e9c\u00e9l\u00e9ration au quatri\u00e8me trimestre 2022 pour s\u2019\u00e9tablir \u00e0 7,8 %, contre 8,4 % un trimestre plus t\u00f4t. \u00ab Cette d\u00e9c\u00e9l\u00e9ration du niveau g\u00e9n\u00e9ral des prix est imputable aux actions men\u00e9es par les autorit\u00e9s nationales et mon\u00e9taires ainsi qu\u2019\u00e0 la baisse du rythme de progression des prix des produits alimentaires de la campagne 2022\/2023, dont la production est en hausse de 15,9 % contre une baisse de 13,1 % l\u2019ann\u00e9e pr\u00e9c\u00e9dente\u201d, a-t-il expliqu\u00e9.<br \/>\nLe pr\u00e9sident de la Commission de l\u2019UEMOA, Abdoulaye Diop, a soumis au Conseil le Projet d\u2019Acte de nomination des conseillers de la Cour des Comptes de l\u2019Union, ainsi que le Projet de D\u00e9cision portant adoption du Programme r\u00e9gional de d\u00e9veloppement de l\u2019\u00e9conomie num\u00e9rique (PRDEN) de l\u2019UEMOA.<br \/>\nAu titre de la BCEAO, le Rapport sur la situation \u00e9conomique et mon\u00e9taire de l\u2019UEMOA au 31 d\u00e9cembre 2022 de m\u00eame que le Projet de Loi uniforme relative \u00e0 la Lutte contre le blanchiment de capitaux, le financement du terrorisme et de la prolif\u00e9ration des armes de destruction massive sont entre autres, inscrits \u00e0 l\u2019ordre du jour.<br \/>\nDu c\u00f4t\u00e9 de la BOAD, le Conseil des ministres se prononcera sur le Rapport annuel 2022 et proc\u00e9dera \u00e0 l\u2019approbation de ses comptes annuels pour l\u2019exercice clos le 31 d\u00e9cembre 2022 ainsi qu\u2019\u00e0 la modification de ses Statuts.<br \/>\n\u00c0 noter l\u2019arriv\u00e9e d\u2019un nouveau membre au sein du Conseil, il s\u2019agit de Nial\u00e9 Kaba, Ministre du Plan et du D\u00e9veloppement, d\u00e9sign\u00e9e en qualit\u00e9 de second repr\u00e9sentant de la R\u00e9publique de C\u00f4te d\u2019Ivoire en remplacement du ministre Abdourahmane Ciss\u00e9 \u00e0 qui le Conseil a adress\u00e9 ses remerciements pour sa contribution significative aux travaux de l\u2019instance.<br \/>\nCarlos Symphonie<\/p>\n","protected":false},"excerpt":{"rendered":"<p>\u00c0 l\u2019occasion de la premi\u00e8re session ordinaire du Conseil des ministres de l\u2019Union \u00c9conomique et Mon\u00e9taire Ouest Africaine (UEMOA), qui s\u2019est ouverte le 31 mars 2023 au si\u00e8ge de la BCEAO \u00e0 Dakar, Adama Coulibaly, ministre de l\u2019\u00c9conomie et des Finances de la C\u00f4te d\u2019Ivoire, pr\u00e9sident dudit Conseil, a indiqu\u00e9 que l\u2019ann\u00e9e 2022 s\u2019est achev\u00e9e [&hellip;]<\/p>\n","protected":false},"author":2,"featured_media":11597,"comment_status":"open","ping_status":"open","sticky":false,"template":"","format":"standard","meta":{"footnotes":""},"categories":[21],"tags":[],"class_list":["post-11596","post","type-post","status-publish","format-standard","has-post-thumbnail","hentry","category-economie"],"_links":{"self":[{"href":"https:\/\/www.infoline.ci\/index.php?rest_route=\/wp\/v2\/posts\/11596","targetHints":{"allow":["GET"]}}],"collection":[{"href":"https:\/\/www.infoline.ci\/index.php?rest_route=\/wp\/v2\/posts"}],"about":[{"href":"https:\/\/www.infoline.ci\/index.php?rest_route=\/wp\/v2\/types\/post"}],"author":[{"embeddable":true,"href":"https:\/\/www.infoline.ci\/index.php?rest_route=\/wp\/v2\/users\/2"}],"replies":[{"embeddable":true,"href":"https:\/\/www.infoline.ci\/index.php?rest_route=%2Fwp%2Fv2%2Fcomments&post=11596"}],"version-history":[{"count":1,"href":"https:\/\/www.infoline.ci\/index.php?rest_route=\/wp\/v2\/posts\/11596\/revisions"}],"predecessor-version":[{"id":11598,"href":"https:\/\/www.infoline.ci\/index.php?rest_route=\/wp\/v2\/posts\/11596\/revisions\/11598"}],"wp:featuredmedia":[{"embeddable":true,"href":"https:\/\/www.infoline.ci\/index.php?rest_route=\/wp\/v2\/media\/11597"}],"wp:attachment":[{"href":"https:\/\/www.infoline.ci\/index.php?rest_route=%2Fwp%2Fv2%2Fmedia&parent=11596"}],"wp:term":[{"taxonomy":"category","embeddable":true,"href":"https:\/\/www.infoline.ci\/index.php?rest_route=%2Fwp%2Fv2%2Fcategories&post=11596"},{"taxonomy":"post_tag","embeddable":true,"href":"https:\/\/www.infoline.ci\/index.php?rest_route=%2Fwp%2Fv2%2Ftags&post=11596"}],"curies":[{"name":"wp","href":"https:\/\/api.w.org\/{rel}","templated":true}]}}