{"id":1156,"date":"2018-01-16T02:34:23","date_gmt":"2018-01-16T02:34:23","guid":{"rendered":"http:\/\/www.infoline.ci\/?p=1156"},"modified":"2018-01-16T02:34:23","modified_gmt":"2018-01-16T02:34:23","slug":"seminaire-gouvernemental-pap-2018-le-vice-president-invite-le-premier-ministre-et-les-membres-du-gouvernement-a-traduire-les-actions-gouvernementales-en-actions-concretes","status":"publish","type":"post","link":"https:\/\/www.infoline.ci\/?p=1156","title":{"rendered":"S\u00e9minaire Gouvernemental (PAP 2018) : le vice-pr\u00e9sident invite le premier ministre et les membres du gouvernement \u00e0 traduire les actions gouvernementales en actions concr\u00e8tes"},"content":{"rendered":"<p>Ce lundi 15 janvier 2018 \u00e0 Abidjan, le vice-pr\u00e9sident de la R\u00e9publique de C\u00f4te d\u2019Ivoire, Daniel Kablan Dunkan a invit\u00e9 le premier ministre Amadou Gon Coulibaly et les ministres du gouvernement Ivoirien \u00e0 approfondir les r\u00e9flexions sur les chantiers de l\u2019action gouvernementale afin de les traduire en actions concr\u00e8tes. S\u2019\u00e9tait \u00e0 l\u2019occasion de l\u2019ouverture du s\u00e9minaire gouvernementale sur le Programme d\u2019Actions Prioritaire (PAP 2018).<br \/>\n\u00ab Ce s\u00e9minaire, nous permettra d\u2019approfondir les r\u00e9flexions sur les principaux chantiers de l\u2019action gouvernementale que le pr\u00e9sident Alassane Ouattara a r\u00e9v\u00e9l\u00e9s au cours de son message de nouvel en vue de les traduire en actions concr\u00e8tes \u00bb a pr\u00e9cis\u00e9 Daniel Kablan Duncan<br \/>\nPour le vice-pr\u00e9sident ses actions vis\u00e9es \u00e0 am\u00e9liorer l\u2019environnement des affaires, la comp\u00e9titivit\u00e9 de l\u2019\u00e9conomie Ivoirienne et la r\u00e9silience de l\u2019\u00e9conomie, \u00e0 travers l\u2019acc\u00e9l\u00e9ration des r\u00e9formes structurelles et sectorielles. Profitant de l\u2019occasion Daniel Kablan Duncan a insist\u00e9 sur la n\u00e9cessit\u00e9 d\u2019acc\u00e9l\u00e9rer la mise en \u0153uvre de la transformation locale des mati\u00e8res premi\u00e8res telles que (le cacao et l\u2019anacarde) et la construction des infrastructures structurantes dans les secteurs de l\u2019eau, de l\u2019\u00e9nergie, de l\u2019\u00e9ducation de la sant\u00e9 du transport des TIC.<br \/>\nLe premier ministre a indiqu\u00e9 que ce premier s\u00e9minaire gouvernemental de 2018 permettra de r\u00e9pertorier les projets majeurs \u00e0 r\u00e9aliser tout au long de cette ann\u00e9e afin de satisfaire les besoins des populations.<br \/>\nOk\u00e9 Ange Emmanuel<\/p>\n","protected":false},"excerpt":{"rendered":"<p>Ce lundi 15 janvier 2018 \u00e0 Abidjan, le vice-pr\u00e9sident de la R\u00e9publique de C\u00f4te d\u2019Ivoire, Daniel Kablan Dunkan a invit\u00e9 le premier ministre Amadou Gon Coulibaly et les ministres du gouvernement Ivoirien \u00e0 approfondir les r\u00e9flexions sur les chantiers de l\u2019action gouvernementale afin de les traduire en actions concr\u00e8tes. S\u2019\u00e9tait \u00e0 l\u2019occasion de l\u2019ouverture du [&hellip;]<\/p>\n","protected":false},"author":2,"featured_media":1157,"comment_status":"open","ping_status":"open","sticky":false,"template":"","format":"standard","meta":{"footnotes":""},"categories":[23],"tags":[],"class_list":["post-1156","post","type-post","status-publish","format-standard","has-post-thumbnail","hentry","category-politique"],"_links":{"self":[{"href":"https:\/\/www.infoline.ci\/index.php?rest_route=\/wp\/v2\/posts\/1156","targetHints":{"allow":["GET"]}}],"collection":[{"href":"https:\/\/www.infoline.ci\/index.php?rest_route=\/wp\/v2\/posts"}],"about":[{"href":"https:\/\/www.infoline.ci\/index.php?rest_route=\/wp\/v2\/types\/post"}],"author":[{"embeddable":true,"href":"https:\/\/www.infoline.ci\/index.php?rest_route=\/wp\/v2\/users\/2"}],"replies":[{"embeddable":true,"href":"https:\/\/www.infoline.ci\/index.php?rest_route=%2Fwp%2Fv2%2Fcomments&post=1156"}],"version-history":[{"count":1,"href":"https:\/\/www.infoline.ci\/index.php?rest_route=\/wp\/v2\/posts\/1156\/revisions"}],"predecessor-version":[{"id":1158,"href":"https:\/\/www.infoline.ci\/index.php?rest_route=\/wp\/v2\/posts\/1156\/revisions\/1158"}],"wp:featuredmedia":[{"embeddable":true,"href":"https:\/\/www.infoline.ci\/index.php?rest_route=\/wp\/v2\/media\/1157"}],"wp:attachment":[{"href":"https:\/\/www.infoline.ci\/index.php?rest_route=%2Fwp%2Fv2%2Fmedia&parent=1156"}],"wp:term":[{"taxonomy":"category","embeddable":true,"href":"https:\/\/www.infoline.ci\/index.php?rest_route=%2Fwp%2Fv2%2Fcategories&post=1156"},{"taxonomy":"post_tag","embeddable":true,"href":"https:\/\/www.infoline.ci\/index.php?rest_route=%2Fwp%2Fv2%2Ftags&post=1156"}],"curies":[{"name":"wp","href":"https:\/\/api.w.org\/{rel}","templated":true}]}}