{"id":11291,"date":"2023-02-20T21:24:15","date_gmt":"2023-02-20T21:24:15","guid":{"rendered":"http:\/\/www.infoline.ci\/?p=11291"},"modified":"2023-02-20T21:24:16","modified_gmt":"2023-02-20T21:24:16","slug":"economie-un-atelier-de-validation-dun-projet-de-texte-reglementaire-devant-regir-la-filiere-boulangerie-ouvert-a-yamoussoukro","status":"publish","type":"post","link":"https:\/\/www.infoline.ci\/?p=11291","title":{"rendered":"\u00c9conomie :  un atelier de validation d&rsquo;un projet de texte r\u00e9glementaire devant r\u00e9gir la fili\u00e8re boulangerie ouvert \u00e0 Yamoussoukro"},"content":{"rendered":"\n<p>\u00c9conomie | \ud835\udc12\ud835\udc1e\ud835\udc1c\ud835\udc2d\ud835\udc1e\ud835\udc2e\ud835\udc2b \ud835\udc1d\ud835\udc1e \ud835\udc25\ud835\udc1a \ud835\udc01\ud835\udc28\ud835\udc2e\ud835\udc25\ud835\udc1a\ud835\udc27\ud835\udc20\ud835\udc1e\ud835\udc2b\ud835\udc22\ud835\udc1e : \ud835\udc2e\ud835\udc27 \ud835\udc29\ud835\udc2b\ud835\udc28\ud835\udc23\ud835\udc1e\ud835\udc2d \ud835\udc1d\ud835\udc1e \ud835\udc1d\ud835\udc1e\u0301\ud835\udc1c\ud835\udc2b\ud835\udc1e\ud835\udc2d \ud835\udc29\ud835\udc28\ud835\udc2b\ud835\udc2d\ud835\udc1a\ud835\udc27\ud835\udc2d \ud835\udc2b\ud835\udc1e\u0301\ud835\udc20\ud835\udc25\ud835\udc1e\ud835\udc26\ud835\udc1e\ud835\udc27\ud835\udc2d\ud835\udc1a\ud835\udc2d\ud835\udc22\ud835\udc28\ud835\udc27 \ud835\udc1d\ud835\udc1e\ud835\udc2c \ud835\udc1a\ud835\udc1c\ud835\udc2d\ud835\udc22\ud835\udc2f\ud835\udc22\ud835\udc2d\ud835\udc1e\u0301\ud835\udc2c \ud835\udc1d\ud835\udc1a\ud835\udc27\ud835\udc2c \ud835\udc25\ud835\udc1e \ud835\udc2c\ud835\udc1e\ud835\udc1c\ud835\udc2d\ud835\udc1e\ud835\udc2e\ud835\udc2b \ud835\udc1a\ud835\udc2e \ud835\udc1c\ud835\udc1e\ud835\udc27\ud835\udc2d\ud835\udc2b\ud835\udc1e \ud835\udc1d\u2019\ud835\udc2e\ud835\udc27 \ud835\udc00\ud835\udc2d\ud835\udc1e\ud835\udc25\ud835\udc22\ud835\udc1e\ud835\udc2b \ud835\udc1a\u0300 \ud835\udc18\ud835\udc1a\ud835\udc26\ud835\udc28\ud835\udc2e\ud835\udc2c\ud835\udc2c\ud835\udc28\ud835\udc2e\ud835\udc24\ud835\udc2b\ud835\udc28<div>Yamoussoukro, le 20 f\u00e9vrier 2022 \u2013 Un Atelier de validation d\u2019un projet de texte r\u00e8glementaire devant r\u00e9gir la fili\u00e8re boulangerie en C\u00f4te d\u2019Ivoire s\u2019est ouvert le dimanche 19 f\u00e9vrier 2023 \u00e0 Yamoussoukro, en pr\u00e9sence d\u2019Albert Kouateley, Directeur de Cabinet adjoint du ministre du Commerce, de l\u2019Industrie et de la Promotion des PME.Cet atelier, qui r\u00e9unit une soixantaine de participants issus des minist\u00e8res techniques, de la soci\u00e9t\u00e9 civile, des acteurs op\u00e9rant dans le secteur de la boulangerie, a pour objectif de valider dans une approche inclusive, le projet de texte r\u00e9glementaire devant r\u00e9gir la fili\u00e8re boulangerie en C\u00f4te d\u2019Ivoire, tout en faisant des propositions pour rem\u00e9dier aux diff\u00e9rents dysfonctionnements de ce secteur.Il s\u2019agira, pour les participants tout au long de cet atelier, d\u2019une part de valider un projet de d\u00e9cret portant r\u00e9glementation des activit\u00e9s de boulangeries en C\u00f4te d\u2019Ivoire, et d\u2019autre part de formuler des recommandations sur le mode op\u00e9ratoire du fonds de garantie d\u00e9di\u00e9 au secteur de la boulangerie ; la strat\u00e9gie de formation des acteurs du secteur de la boulangerie ; la mise en place d\u2019une fiscalit\u00e9 adapt\u00e9e au secteur de la boulangerie ; la parafiscalit\u00e9 et les frais en vigueur dans le secteur ; puis le m\u00e9canisme de fixation du prix de la baguette de pain.Cinq pr\u00e9sentations en s\u00e9ance pl\u00e9ni\u00e8re, portant sur le fonds de garantie, la formation, la fiscalit\u00e9 du pain, la parafiscalit\u00e9 et le m\u00e9canisme de fixation du prix de la baguette de pain, sont pr\u00e9vues.Chacune des pr\u00e9sentations sera suivie des \u00e9changes, au terme desquels une synth\u00e8se des observations et recommandation sera faite par le secr\u00e9tariat de l\u2019atelier et valid\u00e9e par les participants. Un rapport final sera produit et valid\u00e9 par les participants.Pour rappel, en vue d\u2019assainir le secteur de la boulangerie, le Comit\u00e9 Technique de suivi de la fili\u00e8re bl\u00e9-farine-pain, avait \u00e9t\u00e9 mis en mission avec pour feuille de route, la r\u00e9vision du cadre r\u00e9glementaire r\u00e9gissant l\u2019activit\u00e9 de la boulangerie et l\u2019examen des pr\u00e9occupations majeures des acteurs. Les conclusions des travaux dudit Comit\u00e9 ont \u00e9t\u00e9 adopt\u00e9es par le Conseil des Ministres en sa s\u00e9ance du 30 mars 2022.Ouvert le 19 f\u00e9vrier, l\u2019Atelier de validation d\u2019un projet de texte r\u00e8glementaire devant r\u00e9gir la fili\u00e8re boulangerie en C\u00f4te d\u2019Ivoire prendra fin le mercredi 22 f\u00e9vrier 2023.#CICG #GouvCI Minist\u00e8re du Commerce, de l&rsquo;Industrie et de la Promotion des PME Conseil National de Lutte contre la Vie Ch\u00e8re<\/div><\/p>\n","protected":false},"excerpt":{"rendered":"<p>\u00c9conomie | \ud835\udc12\ud835\udc1e\ud835\udc1c\ud835\udc2d\ud835\udc1e\ud835\udc2e\ud835\udc2b \ud835\udc1d\ud835\udc1e \ud835\udc25\ud835\udc1a \ud835\udc01\ud835\udc28\ud835\udc2e\ud835\udc25\ud835\udc1a\ud835\udc27\ud835\udc20\ud835\udc1e\ud835\udc2b\ud835\udc22\ud835\udc1e : \ud835\udc2e\ud835\udc27 \ud835\udc29\ud835\udc2b\ud835\udc28\ud835\udc23\ud835\udc1e\ud835\udc2d \ud835\udc1d\ud835\udc1e \ud835\udc1d\ud835\udc1e\u0301\ud835\udc1c\ud835\udc2b\ud835\udc1e\ud835\udc2d \ud835\udc29\ud835\udc28\ud835\udc2b\ud835\udc2d\ud835\udc1a\ud835\udc27\ud835\udc2d \ud835\udc2b\ud835\udc1e\u0301\ud835\udc20\ud835\udc25\ud835\udc1e\ud835\udc26\ud835\udc1e\ud835\udc27\ud835\udc2d\ud835\udc1a\ud835\udc2d\ud835\udc22\ud835\udc28\ud835\udc27 \ud835\udc1d\ud835\udc1e\ud835\udc2c \ud835\udc1a\ud835\udc1c\ud835\udc2d\ud835\udc22\ud835\udc2f\ud835\udc22\ud835\udc2d\ud835\udc1e\u0301\ud835\udc2c \ud835\udc1d\ud835\udc1a\ud835\udc27\ud835\udc2c \ud835\udc25\ud835\udc1e \ud835\udc2c\ud835\udc1e\ud835\udc1c\ud835\udc2d\ud835\udc1e\ud835\udc2e\ud835\udc2b \ud835\udc1a\ud835\udc2e \ud835\udc1c\ud835\udc1e\ud835\udc27\ud835\udc2d\ud835\udc2b\ud835\udc1e \ud835\udc1d\u2019\ud835\udc2e\ud835\udc27 \ud835\udc00\ud835\udc2d\ud835\udc1e\ud835\udc25\ud835\udc22\ud835\udc1e\ud835\udc2b \ud835\udc1a\u0300 \ud835\udc18\ud835\udc1a\ud835\udc26\ud835\udc28\ud835\udc2e\ud835\udc2c\ud835\udc2c\ud835\udc28\ud835\udc2e\ud835\udc24\ud835\udc2b\ud835\udc28 Yamoussoukro, le 20 f\u00e9vrier 2022 \u2013 Un Atelier de validation d\u2019un projet de texte r\u00e8glementaire devant r\u00e9gir la fili\u00e8re boulangerie en C\u00f4te d\u2019Ivoire s\u2019est ouvert le dimanche 19 f\u00e9vrier 2023 \u00e0 [&hellip;]<\/p>\n","protected":false},"author":2,"featured_media":11292,"comment_status":"open","ping_status":"open","sticky":false,"template":"","format":"standard","meta":{"footnotes":""},"categories":[21],"tags":[],"class_list":["post-11291","post","type-post","status-publish","format-standard","has-post-thumbnail","hentry","category-economie"],"_links":{"self":[{"href":"https:\/\/www.infoline.ci\/index.php?rest_route=\/wp\/v2\/posts\/11291","targetHints":{"allow":["GET"]}}],"collection":[{"href":"https:\/\/www.infoline.ci\/index.php?rest_route=\/wp\/v2\/posts"}],"about":[{"href":"https:\/\/www.infoline.ci\/index.php?rest_route=\/wp\/v2\/types\/post"}],"author":[{"embeddable":true,"href":"https:\/\/www.infoline.ci\/index.php?rest_route=\/wp\/v2\/users\/2"}],"replies":[{"embeddable":true,"href":"https:\/\/www.infoline.ci\/index.php?rest_route=%2Fwp%2Fv2%2Fcomments&post=11291"}],"version-history":[{"count":1,"href":"https:\/\/www.infoline.ci\/index.php?rest_route=\/wp\/v2\/posts\/11291\/revisions"}],"predecessor-version":[{"id":11293,"href":"https:\/\/www.infoline.ci\/index.php?rest_route=\/wp\/v2\/posts\/11291\/revisions\/11293"}],"wp:featuredmedia":[{"embeddable":true,"href":"https:\/\/www.infoline.ci\/index.php?rest_route=\/wp\/v2\/media\/11292"}],"wp:attachment":[{"href":"https:\/\/www.infoline.ci\/index.php?rest_route=%2Fwp%2Fv2%2Fmedia&parent=11291"}],"wp:term":[{"taxonomy":"category","embeddable":true,"href":"https:\/\/www.infoline.ci\/index.php?rest_route=%2Fwp%2Fv2%2Fcategories&post=11291"},{"taxonomy":"post_tag","embeddable":true,"href":"https:\/\/www.infoline.ci\/index.php?rest_route=%2Fwp%2Fv2%2Ftags&post=11291"}],"curies":[{"name":"wp","href":"https:\/\/api.w.org\/{rel}","templated":true}]}}