{"id":10955,"date":"2023-01-03T16:40:26","date_gmt":"2023-01-03T16:40:26","guid":{"rendered":"http:\/\/www.infoline.ci\/?p=10955"},"modified":"2023-01-03T16:44:16","modified_gmt":"2023-01-03T16:44:16","slug":"football-international-sebastien-haller-retrouve-les-sta","status":"publish","type":"post","link":"https:\/\/www.infoline.ci\/?p=10955","title":{"rendered":"Football international \/ S\u00e9bastien Haller retrouve les stades"},"content":{"rendered":"\n<p>2023, commence bien pour S\u00e9bastien Haller. L\u2019international ivoirien (28 ans, 15 s\u00e9lections, 4 buts), \u00e9cart\u00e9 des terrains depuis le d\u00e9but de la saison 2022  \u00e0 cause d\u2019une tumeur aux testicules, a annonc\u00e9 lundi son retour \u00e0 l\u2019entra\u00eenement sur ses r\u00e9seaux sociaux.<div>rappelons qu&rsquo;il a sign\u00e9 au Borussia Dortmund officiellement en juillet 2022, mais n\u2019a pas encore port\u00e9 le maillot du club \u00e0 cause de la tumeur testiculaire pour laquelle il a \u00e9t\u00e9 op\u00e9r\u00e9.<\/div><\/p>\n\n\n\n<p>All\u00e9luia Symphonie<\/p>\n","protected":false},"excerpt":{"rendered":"<p>2023, commence bien pour S\u00e9bastien Haller. L\u2019international ivoirien (28 ans, 15 s\u00e9lections, 4 buts), \u00e9cart\u00e9 des terrains depuis le d\u00e9but de la saison 2022 \u00e0 cause d\u2019une tumeur aux testicules, a annonc\u00e9 lundi son retour \u00e0 l\u2019entra\u00eenement sur ses r\u00e9seaux sociaux. rappelons qu&rsquo;il a sign\u00e9 au Borussia Dortmund officiellement en juillet 2022, mais n\u2019a pas [&hellip;]<\/p>\n","protected":false},"author":2,"featured_media":10957,"comment_status":"open","ping_status":"open","sticky":false,"template":"","format":"standard","meta":{"footnotes":""},"categories":[28],"tags":[],"class_list":["post-10955","post","type-post","status-publish","format-standard","has-post-thumbnail","hentry","category-football"],"_links":{"self":[{"href":"https:\/\/www.infoline.ci\/index.php?rest_route=\/wp\/v2\/posts\/10955","targetHints":{"allow":["GET"]}}],"collection":[{"href":"https:\/\/www.infoline.ci\/index.php?rest_route=\/wp\/v2\/posts"}],"about":[{"href":"https:\/\/www.infoline.ci\/index.php?rest_route=\/wp\/v2\/types\/post"}],"author":[{"embeddable":true,"href":"https:\/\/www.infoline.ci\/index.php?rest_route=\/wp\/v2\/users\/2"}],"replies":[{"embeddable":true,"href":"https:\/\/www.infoline.ci\/index.php?rest_route=%2Fwp%2Fv2%2Fcomments&post=10955"}],"version-history":[{"count":2,"href":"https:\/\/www.infoline.ci\/index.php?rest_route=\/wp\/v2\/posts\/10955\/revisions"}],"predecessor-version":[{"id":10959,"href":"https:\/\/www.infoline.ci\/index.php?rest_route=\/wp\/v2\/posts\/10955\/revisions\/10959"}],"wp:featuredmedia":[{"embeddable":true,"href":"https:\/\/www.infoline.ci\/index.php?rest_route=\/wp\/v2\/media\/10957"}],"wp:attachment":[{"href":"https:\/\/www.infoline.ci\/index.php?rest_route=%2Fwp%2Fv2%2Fmedia&parent=10955"}],"wp:term":[{"taxonomy":"category","embeddable":true,"href":"https:\/\/www.infoline.ci\/index.php?rest_route=%2Fwp%2Fv2%2Fcategories&post=10955"},{"taxonomy":"post_tag","embeddable":true,"href":"https:\/\/www.infoline.ci\/index.php?rest_route=%2Fwp%2Fv2%2Ftags&post=10955"}],"curies":[{"name":"wp","href":"https:\/\/api.w.org\/{rel}","templated":true}]}}