{"id":1087,"date":"2017-12-22T09:07:25","date_gmt":"2017-12-22T09:07:25","guid":{"rendered":"http:\/\/www.infoline.ci\/?p=1087"},"modified":"2017-12-22T09:07:25","modified_gmt":"2017-12-22T09:07:25","slug":"cafe-campagne-2017-2018-le-gouvernement-accorde-une-subvention-de-12milliards-et-fixe-du-cafe-a-750-f-cfa","status":"publish","type":"post","link":"https:\/\/www.infoline.ci\/?p=1087","title":{"rendered":"Caf\u00e9 (campagne 2017-2018) : le gouvernement accorde une subvention de 12milliards et fixe du caf\u00e9 \u00e0 750 F CFA"},"content":{"rendered":"<p>\u00ab Sur proposition du Conseil du Caf\u00e9-Cacao, le Conseil des Ministres a approuv\u00e9, pour la campagne 2017-2018, le bar\u00e8me et un prix garanti de 750 francs CFA\/Kg aux producteurs pour le caf\u00e9 s\u00e9ch\u00e9, d\u00e9cortiqu\u00e9, tri\u00e9, ne comportant aucune mati\u00e8re \u00e9trang\u00e8re \u00bb, indique le communiqu\u00e9 du Conseil des Ministres, qui pr\u00e9cise que ce prix est identique \u00e0 celui de la campagne 2016-2017, en d\u00e9pit de la baisse du prix sur le march\u00e9 international.<\/p>\n<p>Cette subvention du gouvernement ivoirien au profit des producteurs, estim\u00e9e \u00e0 douze (12) milliards FCFA, a pour but de garantir \u00e0 ces derniers un revenu r\u00e9mun\u00e9rateur pour les inciter \u00e0 d\u00e9velopper cette culture. Le financement de la subvention sera assur\u00e9 par les exc\u00e9dents de stabilisation du Conseil du Caf\u00e9-Cacao.<\/p>\n<p>Selon le gouvernement ivoirien, la campagne caf\u00e9 2017-2018 conna\u00eet une forte baisse du niveau de production comme la campagne pr\u00e9c\u00e9dente qui avait \u00e9t\u00e9 impact\u00e9e par une s\u00e9v\u00e8re s\u00e9cheresse sur la p\u00e9riode de janvier \u00e0 mars 2016.<br \/>\nSource : gouv.ci<\/p>\n","protected":false},"excerpt":{"rendered":"<p>\u00ab Sur proposition du Conseil du Caf\u00e9-Cacao, le Conseil des Ministres a approuv\u00e9, pour la campagne 2017-2018, le bar\u00e8me et un prix garanti de 750 francs CFA\/Kg aux producteurs pour le caf\u00e9 s\u00e9ch\u00e9, d\u00e9cortiqu\u00e9, tri\u00e9, ne comportant aucune mati\u00e8re \u00e9trang\u00e8re \u00bb, indique le communiqu\u00e9 du Conseil des Ministres, qui pr\u00e9cise que ce prix est identique [&hellip;]<\/p>\n","protected":false},"author":2,"featured_media":1088,"comment_status":"open","ping_status":"open","sticky":false,"template":"","format":"standard","meta":{"footnotes":""},"categories":[21],"tags":[],"class_list":["post-1087","post","type-post","status-publish","format-standard","has-post-thumbnail","hentry","category-economie"],"_links":{"self":[{"href":"https:\/\/www.infoline.ci\/index.php?rest_route=\/wp\/v2\/posts\/1087","targetHints":{"allow":["GET"]}}],"collection":[{"href":"https:\/\/www.infoline.ci\/index.php?rest_route=\/wp\/v2\/posts"}],"about":[{"href":"https:\/\/www.infoline.ci\/index.php?rest_route=\/wp\/v2\/types\/post"}],"author":[{"embeddable":true,"href":"https:\/\/www.infoline.ci\/index.php?rest_route=\/wp\/v2\/users\/2"}],"replies":[{"embeddable":true,"href":"https:\/\/www.infoline.ci\/index.php?rest_route=%2Fwp%2Fv2%2Fcomments&post=1087"}],"version-history":[{"count":1,"href":"https:\/\/www.infoline.ci\/index.php?rest_route=\/wp\/v2\/posts\/1087\/revisions"}],"predecessor-version":[{"id":1089,"href":"https:\/\/www.infoline.ci\/index.php?rest_route=\/wp\/v2\/posts\/1087\/revisions\/1089"}],"wp:featuredmedia":[{"embeddable":true,"href":"https:\/\/www.infoline.ci\/index.php?rest_route=\/wp\/v2\/media\/1088"}],"wp:attachment":[{"href":"https:\/\/www.infoline.ci\/index.php?rest_route=%2Fwp%2Fv2%2Fmedia&parent=1087"}],"wp:term":[{"taxonomy":"category","embeddable":true,"href":"https:\/\/www.infoline.ci\/index.php?rest_route=%2Fwp%2Fv2%2Fcategories&post=1087"},{"taxonomy":"post_tag","embeddable":true,"href":"https:\/\/www.infoline.ci\/index.php?rest_route=%2Fwp%2Fv2%2Ftags&post=1087"}],"curies":[{"name":"wp","href":"https:\/\/api.w.org\/{rel}","templated":true}]}}