{"id":1084,"date":"2017-12-22T08:39:36","date_gmt":"2017-12-22T08:39:36","guid":{"rendered":"http:\/\/www.infoline.ci\/?p=1084"},"modified":"2017-12-22T08:39:36","modified_gmt":"2017-12-22T08:39:36","slug":"produits-vivriers-le-ministre-souleymane-diarrassouba-sassure-des-prix-au-marche-gouro-dadjame","status":"publish","type":"post","link":"https:\/\/www.infoline.ci\/?p=1084","title":{"rendered":"Produits vivriers : Le Ministre Souleymane Diarrassouba s\u2019assure des prix au march\u00e9 Gouro d\u2019Adjam\u00e9"},"content":{"rendered":"<p> R\u00e9cemment, le Ministre du Commerce, de l\u2019Artisanat et de la Promotion des PME, Souleymane Diarrassouba s\u2019est rendu au march\u00e9 \u00ab Gouro \u00bb d\u2019Adjam\u00e9 afin de s\u2019assurer de la  disponibilit\u00e9 des produits viviers  et surtout de leur co\u00fbt.<br \/>\n.Au cours de la visite, le Ministre a \u00e9chang\u00e9 avec plusieurs commer\u00e7antes de produits vivriers pour s\u2019assurer de la disponibilit\u00e9 des produits en quantit\u00e9 suffisante sur le march\u00e9.<br \/>\n\u00ab En cette p\u00e9riode de f\u00eates de fin d\u2019ann\u00e9e, j\u2019ai tenu \u00e0 faire le d\u00e9placement dans le mythique march\u00e9 Gouro d\u2019Adjam\u00e9, pour voir la situation r\u00e9elle de l\u2019approvisionnement d\u2019Abidjan en produits vivriers. Le constat est clair, le march\u00e9 est suffisamment fourni, il y\u2019a des produits en abondance et de ce fait, rien ne saurait justifier une hausse des co\u00fbts \u00bb a soulign\u00e9 le Ministre Souleymane Diarrassouba.<br \/>\nIl \u00e9voquera en outre la communication adopt\u00e9e par le Conseil des Ministres du 06 d\u00e9cembre relative au bilan des activit\u00e9s de surveillance du march\u00e9 qui ressort qu\u2019au 31 octobre 2017 tous les march\u00e9s sont suffisamment approvisionn\u00e9s en vivriers, f\u00e9culents, fruits, produits frais, volailles, produits laitiers et en mat\u00e9riaux de construction.<br \/>\nLe Ministre en charge du Commerce poursuivra en indiquant que \u00ab Le bilan de la mesure de plafonnement des prix et marges de certains produits de grande consommation a d\u00e9montr\u00e9 que plus de 90% des commer\u00e7ants ont effectivement respect\u00e9 les prix plafonn\u00e9s \u00bb.<br \/>\nA l\u2019endroit des femmes du march\u00e9, le Ministre Souleymane Diarrassouba a t\u00e9moign\u00e9 sa grande fiert\u00e9 pour les efforts quotidiens qu\u2019elles fournissent pour que la nourriture ne manque pas dans l\u2019assiette des consommateurs. \u00ab Je dis bravo aux braves femmes de ce march\u00e9 et \u00e0 toutes les femmes commer\u00e7antes de vivriers de C\u00f4te d\u2019Ivoire, qui ne m\u00e9nagent aucun effort pour que nous ayons quotidiennement \u00e0 manger. Je loue leur courage et profite de cette visite pour leur dire que le Gouvernement est \u00e0 leurs c\u00f4t\u00e9s et qu\u2019il mettra tout en \u0153uvre pour les accompagner \u00bb a-t-il affirm\u00e9.<br \/>\nOk\u00e9chukwu Ange Emmanuel<br \/>\nSource : CNLVC<\/p>\n","protected":false},"excerpt":{"rendered":"<p>R\u00e9cemment, le Ministre du Commerce, de l\u2019Artisanat et de la Promotion des PME, Souleymane Diarrassouba s\u2019est rendu au march\u00e9 \u00ab Gouro \u00bb d\u2019Adjam\u00e9 afin de s\u2019assurer de la disponibilit\u00e9 des produits viviers et surtout de leur co\u00fbt. .Au cours de la visite, le Ministre a \u00e9chang\u00e9 avec plusieurs commer\u00e7antes de produits vivriers pour s\u2019assurer de [&hellip;]<\/p>\n","protected":false},"author":2,"featured_media":1085,"comment_status":"open","ping_status":"open","sticky":false,"template":"","format":"standard","meta":{"footnotes":""},"categories":[21],"tags":[],"class_list":["post-1084","post","type-post","status-publish","format-standard","has-post-thumbnail","hentry","category-economie"],"_links":{"self":[{"href":"https:\/\/www.infoline.ci\/index.php?rest_route=\/wp\/v2\/posts\/1084","targetHints":{"allow":["GET"]}}],"collection":[{"href":"https:\/\/www.infoline.ci\/index.php?rest_route=\/wp\/v2\/posts"}],"about":[{"href":"https:\/\/www.infoline.ci\/index.php?rest_route=\/wp\/v2\/types\/post"}],"author":[{"embeddable":true,"href":"https:\/\/www.infoline.ci\/index.php?rest_route=\/wp\/v2\/users\/2"}],"replies":[{"embeddable":true,"href":"https:\/\/www.infoline.ci\/index.php?rest_route=%2Fwp%2Fv2%2Fcomments&post=1084"}],"version-history":[{"count":1,"href":"https:\/\/www.infoline.ci\/index.php?rest_route=\/wp\/v2\/posts\/1084\/revisions"}],"predecessor-version":[{"id":1086,"href":"https:\/\/www.infoline.ci\/index.php?rest_route=\/wp\/v2\/posts\/1084\/revisions\/1086"}],"wp:featuredmedia":[{"embeddable":true,"href":"https:\/\/www.infoline.ci\/index.php?rest_route=\/wp\/v2\/media\/1085"}],"wp:attachment":[{"href":"https:\/\/www.infoline.ci\/index.php?rest_route=%2Fwp%2Fv2%2Fmedia&parent=1084"}],"wp:term":[{"taxonomy":"category","embeddable":true,"href":"https:\/\/www.infoline.ci\/index.php?rest_route=%2Fwp%2Fv2%2Fcategories&post=1084"},{"taxonomy":"post_tag","embeddable":true,"href":"https:\/\/www.infoline.ci\/index.php?rest_route=%2Fwp%2Fv2%2Ftags&post=1084"}],"curies":[{"name":"wp","href":"https:\/\/api.w.org\/{rel}","templated":true}]}}