{"id":10219,"date":"2022-08-04T11:15:55","date_gmt":"2022-08-04T11:15:55","guid":{"rendered":"http:\/\/www.infoline.ci\/?p=10219"},"modified":"2022-08-04T11:15:57","modified_gmt":"2022-08-04T11:15:57","slug":"opinion-affaires-docteurs-non-recrutes-ce-que-jai-endure-un-jour-sur-le-dossier-des-docteurs-non-recrutes","status":"publish","type":"post","link":"https:\/\/www.infoline.ci\/?p=10219","title":{"rendered":"Opinion\/ Affaires Docteurs non recrut\u00e9s \/ Ce que j\u2019ai endur\u00e9 un jour sur le dossier des docteurs non recrut\u00e9s"},"content":{"rendered":"\n<p>Quand j\u2019\u00e9tais encore dans le syndicalisme, nous avions voulu analyser ce dossier en raison des formes et des risques que cette situation de refus de recrutement pouvait cr\u00e9er \u00e0 long terme pour notre pays.<\/p>\n\n\n\n<p>Bien s\u00fbr, je n\u2019adh\u00e8re pas \u00e0 plusieurs th\u00e9ories sur le tri dans un secteur qui fonctionne par jurys. Dire aussi que nous ne formons que des litt\u00e9raires n\u2019est pas juste. Tout entre dans la strat\u00e9gie \u00e0 ce niveau. Les r\u00e9gimes qui le veulent peuvent orienter le maximum d\u2019\u00e9l\u00e8ves dans les s\u00e9ries scientifiques ou multiplier les lyc\u00e9es scientifiques \u00e0 vocation multi-sectorielle et m\u00eame initier des lyc\u00e9es scientifiques jeunes filles.<\/p>\n\n\n\n<p>Bref, notre d\u00e9placement \u00e0 Bouak\u00e9 pour rencontrer ces docteurs a \u00e9t\u00e9 anticip\u00e9 par certains d\u2019entre eux avec l\u2019appui de notre section de l\u2019universit\u00e9 de Bouak\u00e9.<br>Mon v\u00e9hicule \u00e9tant au garage, ils ont propos\u00e9 que je vienne par car avec le journaliste charg\u00e9 de couvrir la rencontre, \u00e0 leur frais. J\u2019\u00e9tais dubitatif mais faut-il se m\u00e9nager pour ces jeunes gens ?<\/p>\n\n\n\n<p>J\u2019ai tout arr\u00eat\u00e9 et je me suis retrouv\u00e9 \u00e0 Bouak\u00e9. Belle rencontre. Mais \u00e0 la fin, tous se sont dispers\u00e9s. Pire notre section de Bouak\u00e9 \u00e9tait injoignable. Nous voil\u00e0 au quartier commerce en plein 19 heures avec le journaliste et deux jeunes docteurs. Ha\u00ef ?<br>Les deux docteurs nous proposent un massa pour Yakro. Ils nous informe que le transport aurait \u00e9t\u00e9 d\u00e9j\u00e0 r\u00e9gl\u00e9. Ont-ils \u00e9t\u00e9 mandat\u00e9 pour le faire ? G\u00eanant toutefois de leur poser la question. Pour moi, il fallait sortir de l\u00e0 et vite. Nous les avions remerci\u00e9. Mais avant de monter \u00e0 bord du massa, je t\u00e2te une de mes proches\u2026et voil\u00e0 que ma main tombe sur quelque chose comme de l\u2019argent.<\/p>\n\n\n\n<p>Je regarde, il s\u2019agit de 80 000 frs. Comment \u00e7a s\u2019est retrouv\u00e9 l\u00e0 ?.Je n\u2019en revenais pas. En effet, je devais faire des achats au plateau, dans la pr\u00e9cipitation pour Bouak\u00e9,j\u2019ai d\u00fb tout laisser tomber. Mais le Seigneur m\u2019a mis \u00e0 c\u0153ur de reprendre ce m\u00eame costume.<\/p>\n\n\n\n<p>Et si je les soutiens aujourd\u2019hui encore, c\u2019est parce qu\u2019ils ont \u00e9t\u00e9 malicieusement pi\u00e9g\u00e9s par un syst\u00e8me \u00e9ducatif qui n\u2019arrive pas \u00e0 se r\u00e9inventer. Pour me dissuader, quelques mois apr\u00e8s, je subis une ponction sur mon salaire pour une gr\u00eave imaginaire accompagn\u00e9 d\u2019une s\u00e9rie de d\u00e9boires.<\/p>\n\n\n\n<p>J\u2019ai discut\u00e9 avec un pr\u00eatre qui se demandait pourquoi ces jeunes docteurs ne viseraient pas l\u2019auto-emploi. Je lui ai donn\u00e9 ma position qui est que la faute de l\u2019\u00e9tat \u00e9tait qu\u2019on ne forme pas des jeunes de fa\u00e7on aussi pointue pour leur demander, par la suite, d\u2019aller se d\u00e9brouiller. C\u2019est un d\u00e9faut de planification. Encore faut-il leur proposer des financements de projets. C\u2019est illogique pour un pays sous-d\u00e9velopp\u00e9. On peut d\u00e9pendre de tout mais d\u00e9pendre des id\u00e9es des autres en l\u2019occurrence du FMI et de la banque mondiale est d\u00e9cevant.<br>Soyons vigilants quand il s\u2019agit de l\u2019\u00e9ducation.<\/p>\n\n\n\n<p>Une correspondance particuli\u00e8re de Guy Languy<\/p>\n","protected":false},"excerpt":{"rendered":"<p>Quand j\u2019\u00e9tais encore dans le syndicalisme, nous avions voulu analyser ce dossier en raison des formes et des risques que cette situation de refus de recrutement pouvait cr\u00e9er \u00e0 long terme pour notre pays. Bien s\u00fbr, je n\u2019adh\u00e8re pas \u00e0 plusieurs th\u00e9ories sur le tri dans un secteur qui fonctionne par jurys. Dire aussi que [&hellip;]<\/p>\n","protected":false},"author":2,"featured_media":10220,"comment_status":"open","ping_status":"open","sticky":false,"template":"","format":"standard","meta":{"footnotes":""},"categories":[32,31],"tags":[],"class_list":["post-10219","post","type-post","status-publish","format-standard","has-post-thumbnail","hentry","category-afrique","category-internationale"],"_links":{"self":[{"href":"https:\/\/www.infoline.ci\/index.php?rest_route=\/wp\/v2\/posts\/10219","targetHints":{"allow":["GET"]}}],"collection":[{"href":"https:\/\/www.infoline.ci\/index.php?rest_route=\/wp\/v2\/posts"}],"about":[{"href":"https:\/\/www.infoline.ci\/index.php?rest_route=\/wp\/v2\/types\/post"}],"author":[{"embeddable":true,"href":"https:\/\/www.infoline.ci\/index.php?rest_route=\/wp\/v2\/users\/2"}],"replies":[{"embeddable":true,"href":"https:\/\/www.infoline.ci\/index.php?rest_route=%2Fwp%2Fv2%2Fcomments&post=10219"}],"version-history":[{"count":1,"href":"https:\/\/www.infoline.ci\/index.php?rest_route=\/wp\/v2\/posts\/10219\/revisions"}],"predecessor-version":[{"id":10221,"href":"https:\/\/www.infoline.ci\/index.php?rest_route=\/wp\/v2\/posts\/10219\/revisions\/10221"}],"wp:featuredmedia":[{"embeddable":true,"href":"https:\/\/www.infoline.ci\/index.php?rest_route=\/wp\/v2\/media\/10220"}],"wp:attachment":[{"href":"https:\/\/www.infoline.ci\/index.php?rest_route=%2Fwp%2Fv2%2Fmedia&parent=10219"}],"wp:term":[{"taxonomy":"category","embeddable":true,"href":"https:\/\/www.infoline.ci\/index.php?rest_route=%2Fwp%2Fv2%2Fcategories&post=10219"},{"taxonomy":"post_tag","embeddable":true,"href":"https:\/\/www.infoline.ci\/index.php?rest_route=%2Fwp%2Fv2%2Ftags&post=10219"}],"curies":[{"name":"wp","href":"https:\/\/api.w.org\/{rel}","templated":true}]}}