{"id":1000,"date":"2017-11-29T23:32:52","date_gmt":"2017-11-29T23:32:52","guid":{"rendered":"http:\/\/www.infoline.ci\/?p=1000"},"modified":"2017-11-29T23:32:52","modified_gmt":"2017-11-29T23:32:52","slug":"culture-africaine-abidjan-les-acteurs-de-la-culture-africaine-lancent-les-activites-du-fonds-africain-pour-la-culture-fac","status":"publish","type":"post","link":"https:\/\/www.infoline.ci\/?p=1000","title":{"rendered":"Culture Africaine (Abidjan) : les acteurs de la culture Africaine lancent  les activit\u00e9s du  Fonds africain pour la culture (FAC)"},"content":{"rendered":"<p>.C\u2019est en pr\u00e9sence de plusieurs acteurs de la culture africaine dont le directeur g\u00e9n\u00e9ral du march\u00e9 des arts du spectacle africain (MASA), professeur Yacouba Konat\u00e9 et du directeur g\u00e9n\u00e9ral du palais de la culture d\u2019Abidjan, Dodo Kon\u00e9 que les activit\u00e9s du Fonds africain pour la culture (FAC) ont \u00e9t\u00e9 lanc\u00e9es le mardi 28 Novembre au soir \u00e0 Abidjan. Ce fonds est initi\u00e9 par le r\u00e9seau panafricain Arterial Network. Il a pour orientation d\u2019accompagner les secteurs artistiques et culturels africains avec pour mission de soutenir la professionnalisation tout le long de la cha\u00eene de valeur des industries culturelles et cr\u00e9atives. Le FAC s\u2019adresse \u00e9galement aux individus ayant des vocations artistiques, promoteurs, artistes professionnels, entreprises, experts, dispositifs de formation des arts. Il couvrira l\u2019ensemble du continent. Le lancement du fonds africain pour la culture est rendu possible gr\u00e2ce \u00e0 l\u2019implication et aux dons d\u2019artistes africains et internationaux de renomm\u00e9e mondiale, conscients de l\u2019importance de l\u2019existence d\u2019un tel fonds et de la n\u00e9cessit\u00e9 de la multiplication d\u2019initiative de ce genre pour une Afrique culturelle consciente du r\u00f4le des arts dans le d\u00e9veloppement humain, social et \u00e9conomique. \u00ab C\u2019est une grande premi\u00e8re que les artistes disent qu\u2019on va se prendre en charge, on va se mettre ensemble \u00bb, s\u2019est f\u00e9licit\u00e9 le directeur g\u00e9n\u00e9ral du MASA. Une exposition d\u2019\u0153uvres, pr\u00e9c\u00e9d\u00e9e d\u2019un vernissage a marqu\u00e9 le lancement des activit\u00e9s ce Fonds. L\u2019exposition comprend des \u0153uvres de plusieurs artistes tels que Siriki Ky du Burkina Faso, Amahig\u00e9r\u00e9 Dolo du Mali, Houda Ghorbel de la Tunisie, Abdoulaye Konat\u00e9 du Mali, Georges Camille du Seychelles, Soly Ciss\u00e9 du S\u00e9n\u00e9gal, Ludovic Fadairo du B\u00e9nin, Wadi Mhiri de la Tunisie, Dany Leriche, Daphn\u00e9 Bitchatch et Jean Michel Fickinger de la France, Nu Barreto de la Guin\u00e9e Bissau et Amadou Sanogo du Mali. Les recettes d\u00e9gag\u00e9es de l\u2019exposition-vente de ces \u0153uvres (dons) permettront d\u2019alimenter le Fonds \u00e0 hauteur de pr\u00e8s de 55 millions de FCFA pour le d\u00e9marrage, selon les pr\u00e9visions des responsables.<br \/>\nSt\u00e9phane Lobou\u00e9<br \/>\nsteloseven@gmail.com <\/p>\n","protected":false},"excerpt":{"rendered":"<p>.C\u2019est en pr\u00e9sence de plusieurs acteurs de la culture africaine dont le directeur g\u00e9n\u00e9ral du march\u00e9 des arts du spectacle africain (MASA), professeur Yacouba Konat\u00e9 et du directeur g\u00e9n\u00e9ral du palais de la culture d\u2019Abidjan, Dodo Kon\u00e9 que les activit\u00e9s du Fonds africain pour la culture (FAC) ont \u00e9t\u00e9 lanc\u00e9es le mardi 28 Novembre au [&hellip;]<\/p>\n","protected":false},"author":2,"featured_media":1001,"comment_status":"open","ping_status":"open","sticky":false,"template":"","format":"standard","meta":{"footnotes":""},"categories":[19],"tags":[],"class_list":["post-1000","post","type-post","status-publish","format-standard","has-post-thumbnail","hentry","category-culture"],"_links":{"self":[{"href":"https:\/\/www.infoline.ci\/index.php?rest_route=\/wp\/v2\/posts\/1000","targetHints":{"allow":["GET"]}}],"collection":[{"href":"https:\/\/www.infoline.ci\/index.php?rest_route=\/wp\/v2\/posts"}],"about":[{"href":"https:\/\/www.infoline.ci\/index.php?rest_route=\/wp\/v2\/types\/post"}],"author":[{"embeddable":true,"href":"https:\/\/www.infoline.ci\/index.php?rest_route=\/wp\/v2\/users\/2"}],"replies":[{"embeddable":true,"href":"https:\/\/www.infoline.ci\/index.php?rest_route=%2Fwp%2Fv2%2Fcomments&post=1000"}],"version-history":[{"count":1,"href":"https:\/\/www.infoline.ci\/index.php?rest_route=\/wp\/v2\/posts\/1000\/revisions"}],"predecessor-version":[{"id":1002,"href":"https:\/\/www.infoline.ci\/index.php?rest_route=\/wp\/v2\/posts\/1000\/revisions\/1002"}],"wp:featuredmedia":[{"embeddable":true,"href":"https:\/\/www.infoline.ci\/index.php?rest_route=\/wp\/v2\/media\/1001"}],"wp:attachment":[{"href":"https:\/\/www.infoline.ci\/index.php?rest_route=%2Fwp%2Fv2%2Fmedia&parent=1000"}],"wp:term":[{"taxonomy":"category","embeddable":true,"href":"https:\/\/www.infoline.ci\/index.php?rest_route=%2Fwp%2Fv2%2Fcategories&post=1000"},{"taxonomy":"post_tag","embeddable":true,"href":"https:\/\/www.infoline.ci\/index.php?rest_route=%2Fwp%2Fv2%2Ftags&post=1000"}],"curies":[{"name":"wp","href":"https:\/\/api.w.org\/{rel}","templated":true}]}}